{"id":8290,"date":"2024-10-16T17:03:35","date_gmt":"2024-10-16T15:03:35","guid":{"rendered":"https:\/\/www.tradexsrl.com\/it\/?p=8290"},"modified":"2025-11-24T14:59:06","modified_gmt":"2025-11-24T13:59:06","slug":"etichettatura-ufi-facciamo-chiarezza","status":"publish","type":"post","link":"https:\/\/www.tradexsrl.com\/it\/blog\/etichettatura-ufi-facciamo-chiarezza\/","title":{"rendered":"Etichettatura UFI: facciamo chiarezza!"},"content":{"rendered":"\n<p>In base alla&nbsp;<strong>nuova normativa UFI<\/strong>, entro il 2025 le aziende produttrici di&nbsp;<strong>miscele pericolose<\/strong>&nbsp;<strong>dovranno riportare<\/strong>&nbsp;un codice UFI a sedici cifre sulle etichette dei loro prodotti. In questo articolo scopriremo come i <strong>sistemi di marcatura ed etichettatura<\/strong> offerti da <strong>Tradex<\/strong> possono aiutare a semplificare il processo di inserimento del codice UFI sui prodotti, garantendo al contempo la <strong>massima sicurezza<\/strong> e <strong>conformit\u00e0 normativa<\/strong>.<\/p>\n\n\n\n<h2 class=\"wp-block-heading\">Cos\u2019\u00e8 il codice UFI?<\/h2>\n\n\n\n<p>L\u2019UFI, acronimo di <strong>Identificatore Unico di Formula<\/strong>, rappresenta un codice obbligatorio da riportare sull&#8217;etichetta dei prodotti che includono una <strong>miscela pericolosa<\/strong>. Il codice UFI, insieme anche ad altre informazioni, sar\u00e0 principalmente impiegato dai centri antiveleni in caso di chiamate di emergenza: ad esempio, l&#8217;UFI potr\u00e0 essere letto direttamente dall&#8217;etichetta del prodotto all&#8217;operatore del centro antiveleni, insieme al suo nome commerciale, per identificare con precisione il prodotto coinvolto in un incidente.<\/p>\n\n\n\n<h2 class=\"wp-block-heading\">Com\u2019\u00e8 composto?<\/h2>\n\n\n\n<p>L&#8217;acronimo &#8220;UFI&#8221; (uniforme in tutte le lingue e alfabeti dell&#8217;UE e da non tradurre) deve essere riportato in <strong>maiuscolo<\/strong> e seguito da due punti, e consiste in un <strong>codice alfanumerico<\/strong> di <strong>16 caratteri<\/strong>. Tale codice \u00e8 suddiviso in quattro blocchi, ciascuno separato da un trattino, ad esempio: UFI: N1QV-R02N-J00M-WQD5<\/p>\n\n\n<div class=\"wp-block-image\">\n<figure class=\"aligncenter size-large is-resized\"><img loading=\"lazy\" decoding=\"async\" width=\"1024\" height=\"576\" src=\"https:\/\/www.tradexsrl.com\/it\/wp-content\/uploads\/2024\/10\/UFI_1-1024x576.png\" alt=\"Etichettatura UFI\" class=\"wp-image-8291\" style=\"width:395px;height:auto\" srcset=\"https:\/\/www.tradexsrl.com\/it\/wp-content\/uploads\/2024\/10\/UFI_1-1024x576.png 1024w, https:\/\/www.tradexsrl.com\/it\/wp-content\/uploads\/2024\/10\/UFI_1-300x169.png 300w, https:\/\/www.tradexsrl.com\/it\/wp-content\/uploads\/2024\/10\/UFI_1-768x432.png 768w, https:\/\/www.tradexsrl.com\/it\/wp-content\/uploads\/2024\/10\/UFI_1-1536x864.png 1536w, https:\/\/www.tradexsrl.com\/it\/wp-content\/uploads\/2024\/10\/UFI_1-500x281.png 500w, https:\/\/www.tradexsrl.com\/it\/wp-content\/uploads\/2024\/10\/UFI_1-178x100.png 178w, https:\/\/www.tradexsrl.com\/it\/wp-content\/uploads\/2024\/10\/UFI_1.png 1920w\" sizes=\"auto, (max-width: 1024px) 100vw, 1024px\" \/><\/figure>\n<\/div>\n\n\n<h2 class=\"wp-block-heading\">Dove dovr\u00e0 figurare?<\/h2>\n\n\n\n<p>Il codice UFI dovr\u00e0 essere stampato o apposto:<\/p>\n\n\n\n<ul class=\"wp-block-list\">\n<li>Sull\u2019<strong>etichetta<\/strong> del prodotto;<\/li>\n\n\n\n<li>Sull\u2019<strong>imballaggio<\/strong> del prodotto;<\/li>\n\n\n\n<li>O, in alternativa, se la miscela non ha un imballaggio, dovr\u00e0 essere indicato nella sezione 1.1 della <strong>scheda dati di sicurezza<\/strong>.<\/li>\n<\/ul>\n\n\n\n<h2 class=\"wp-block-heading\">Diamo un\u2019occhiata alle scadenze<\/h2>\n\n\n\n<p>Le scadenze entro cui sar\u00e0 necessario rispettare le conformit\u00e0 della normativa UFI sono:<\/p>\n\n\n\n<ul class=\"wp-block-list\">\n<li><strong>1 gennaio 2020<\/strong> per i prodotti vendibili ai consumatori<\/li>\n\n\n\n<li><strong>1 gennaio 2021<\/strong> per i prodotti vendibili ai professionisti<\/li>\n\n\n\n<li><strong>1 gennaio 2025<\/strong> per i prodotti vendibili su scala industriale<\/li>\n<\/ul>\n\n\n\n<h2 class=\"wp-block-heading\">Devi applicare il codice UFI sui tuoi prodotti?<\/h2>\n\n\n\n<p>Per la codifica e la marcatura del codice UFI sui prodotti si possono utilizzare differenti tecnologie, tra cui il <strong>trasferimento termico<\/strong>, la <strong>marcatura Inkjet<\/strong> e la <strong>marcatura laser<\/strong>.<\/p>\n\n\n\n<p>La scelta del prodotto pi\u00f9 adatto varier\u00e0 a seconda di vari fattori: il tipo di superfice, il tipo di prodotto, la velocit\u00e0 della linea di produzione, le condizioni ambientali, ecc.<\/p>\n\n\n\n<p><\/p>\n\n\n\n<p class=\"has-text-align-center\"><strong>Hai bisogno di una consulenza? Chiedi a noi!<\/strong><\/p>\n\n\n\n<div class=\"wp-block-buttons is-content-justification-center is-layout-flex wp-container-core-buttons-is-layout-16018d1d wp-block-buttons-is-layout-flex\">\n<div class=\"wp-block-button is-style-fill\"><a class=\"wp-block-button__link has-background wp-element-button\" href=\"https:\/\/www.tradexsrl.com\/it\/blog\/etichettatura-ufi-facciamo-chiarezza\/#footer\" style=\"border-radius:0px;background-color:#cb2128;padding-top:var(--wp--preset--spacing--40);padding-right:var(--wp--preset--spacing--80);padding-bottom:var(--wp--preset--spacing--40);padding-left:var(--wp--preset--spacing--80)\"><strong>Contattaci<\/strong><\/a><\/div>\n<\/div>\n\n\n\n<p><\/p>\n\n\n\n<p><strong>Stampanti a trasferimento termico e colori: <\/strong>le stampanti a trasferimento termico o a colori possono essere utilizzate soprattutto per adempiere alle normative del <strong>settore chimico<\/strong>, GHS e BS 5609. In particolare modo, la <strong>stampante XC Q<\/strong> con la modalit\u00e0 automatica di risparmio nastro sulla testina di stampa, e la possibilit\u00e0 di stampare <strong>etichette a due colori<\/strong>, soddisfa i requisiti del sistema di classificazione ed etichettatura del settore<\/p>\n\n\n\n<p>Tra le stampanti a colori, invece, Tradex consiglia <strong>QL 120 X<\/strong>, caratterizzata da una maggiore velocit\u00e0 di stampa e una qualit\u00e0 impareggiabile, <strong>1200 x 1200 dpi<\/strong>. La stampante QL-120 X \u00e8 stata progettata per una produzione eccezionalmente flessibile, con la possibilit\u00e0 di stampare piccoli lotti o grandi quantit\u00e0 in tempi stretti (fino a 10.000 etichette all&#8217;ora).<\/p>\n\n\n<div class=\"wp-block-image\">\n<figure class=\"aligncenter size-large is-resized\"><img loading=\"lazy\" decoding=\"async\" width=\"1024\" height=\"877\" src=\"https:\/\/www.tradexsrl.com\/it\/wp-content\/uploads\/2024\/10\/UFI_3-1024x877.jpg\" alt=\"Stampante di etichette \" class=\"wp-image-8294\" style=\"width:299px;height:auto\" srcset=\"https:\/\/www.tradexsrl.com\/it\/wp-content\/uploads\/2024\/10\/UFI_3-1024x877.jpg 1024w, https:\/\/www.tradexsrl.com\/it\/wp-content\/uploads\/2024\/10\/UFI_3-300x257.jpg 300w, https:\/\/www.tradexsrl.com\/it\/wp-content\/uploads\/2024\/10\/UFI_3-768x658.jpg 768w, https:\/\/www.tradexsrl.com\/it\/wp-content\/uploads\/2024\/10\/UFI_3-350x300.jpg 350w, https:\/\/www.tradexsrl.com\/it\/wp-content\/uploads\/2024\/10\/UFI_3-117x100.jpg 117w, https:\/\/www.tradexsrl.com\/it\/wp-content\/uploads\/2024\/10\/UFI_3.jpg 1054w\" sizes=\"auto, (max-width: 1024px) 100vw, 1024px\" \/><\/figure>\n<\/div>\n\n\n<p><strong>Marcatori a getto d\u2019inchiostro: <\/strong>per una soluzione <strong>versatile<\/strong>, <strong>efficiente<\/strong> ed <strong>affidabile<\/strong>.<br>Scegliere un marcatore a getto d\u2019inchiostro come Linx 8900-8910 significa portare la propria tecnologia di marcatura ad un nuovo e pi\u00f9 alto livello. Grazie allo chassis in acciaio inossidabile IP 55 e all\u2019ampio touch screen a colori personalizzabile \u00e8 sicuro e pratico da utilizzare.<\/p>\n\n\n<div class=\"wp-block-image\">\n<figure class=\"aligncenter size-large is-resized\"><img loading=\"lazy\" decoding=\"async\" width=\"1024\" height=\"768\" src=\"https:\/\/www.tradexsrl.com\/it\/wp-content\/uploads\/2024\/10\/UFI_4-1024x768.jpg\" alt=\"Marcatore Linx a getto d'inchiostro \" class=\"wp-image-8295\" style=\"width:360px;height:auto\" srcset=\"https:\/\/www.tradexsrl.com\/it\/wp-content\/uploads\/2024\/10\/UFI_4-1024x768.jpg 1024w, https:\/\/www.tradexsrl.com\/it\/wp-content\/uploads\/2024\/10\/UFI_4-300x225.jpg 300w, https:\/\/www.tradexsrl.com\/it\/wp-content\/uploads\/2024\/10\/UFI_4-768x576.jpg 768w, https:\/\/www.tradexsrl.com\/it\/wp-content\/uploads\/2024\/10\/UFI_4-400x300.jpg 400w, https:\/\/www.tradexsrl.com\/it\/wp-content\/uploads\/2024\/10\/UFI_4-133x100.jpg 133w, https:\/\/www.tradexsrl.com\/it\/wp-content\/uploads\/2024\/10\/UFI_4.jpg 1440w\" sizes=\"auto, (max-width: 1024px) 100vw, 1024px\" \/><\/figure>\n<\/div>\n\n\n<p><strong>Marcatori laser: <\/strong>per una soluzione <strong>permanente<\/strong> ed <strong>ecosostenibile<\/strong>. Compatti ed affidabili, i laser, in particolare i CO2 della Serie SPA2, rappresentano la soluzione ideale per la codifica del packaging tradizionale. La tecnologia laser CO2 trova, infatti, la naturale applicazione nella codifica anticontraffazione su <strong>carta, cartone, vetro, legno, plastiche e metalli<\/strong> trattati.<\/p>\n\n\n<div class=\"wp-block-image\">\n<figure class=\"aligncenter size-full is-resized\"><img loading=\"lazy\" decoding=\"async\" width=\"626\" height=\"418\" src=\"https:\/\/www.tradexsrl.com\/it\/wp-content\/uploads\/2024\/10\/UFI_5.png\" alt=\"Marcatore laser Macsa\" class=\"wp-image-8296\" style=\"width:373px;height:auto\" srcset=\"https:\/\/www.tradexsrl.com\/it\/wp-content\/uploads\/2024\/10\/UFI_5.png 626w, https:\/\/www.tradexsrl.com\/it\/wp-content\/uploads\/2024\/10\/UFI_5-300x200.png 300w, https:\/\/www.tradexsrl.com\/it\/wp-content\/uploads\/2024\/10\/UFI_5-449x300.png 449w, https:\/\/www.tradexsrl.com\/it\/wp-content\/uploads\/2024\/10\/UFI_5-150x100.png 150w\" sizes=\"auto, (max-width: 626px) 100vw, 626px\" \/><\/figure>\n<\/div>\n\n\n<h2 class=\"wp-block-heading\">Devi applicare il codice UFI sui tuoi prodotti?<\/h2>\n\n\n\n<p>Contattaci senza impegno allo <strong>0331\/756411<\/strong> oppure manda una mail a <strong><a href=\"mailto:contact@tradexsrl.com\">contact@tradexsrl.com<\/a><\/strong> per una consulenza gratuita, i nostri esperti ti aiuteranno a trovare la soluzione pi\u00f9 adatta alle tue esigenze.<\/p>\n\n\n\n<p>La nostra sede centrale \u00e8 a Gallarate in Via Bettolino, 27; ma puoi trovarci anche a:<br>Roma: Pomezia via dei Castelli Romani, 138;<br>Padova: Limena via IV Novembre, 6C;<br>Firenze: Montelupo Fiorentino Viale Cento Fiori, 140. <\/p>\n","protected":false},"excerpt":{"rendered":"<p>In base alla&nbsp;nuova normativa UFI, entro il 2025 le aziende produttrici di&nbsp;miscele pericolose&nbsp;dovranno riportare&nbsp;un codice [&hellip;]<\/p>\n","protected":false},"author":4,"featured_media":8291,"comment_status":"open","ping_status":"open","sticky":false,"template":"","format":"standard","meta":{"footnotes":""},"categories":[57],"tags":[],"class_list":["post-8290","post","type-post","status-publish","format-standard","has-post-thumbnail","hentry","category-blog"],"yoast_head":"<!-- This site is optimized with the Yoast SEO plugin v22.6 - https:\/\/yoast.com\/wordpress\/plugins\/seo\/ -->\n<title>Etichettatura UFI: facciamo chiarezza! - Tradex<\/title>\n<meta name=\"description\" content=\"In base alla nuova normativa UFI, entro il 2025 le aziende produttrici dovranno riportare il codice UFI sulle etichette dei loro prodotti.\" \/>\n<meta name=\"robots\" content=\"index, follow, max-snippet:-1, max-image-preview:large, max-video-preview:-1\" \/>\n<link rel=\"canonical\" href=\"https:\/\/www.tradexsrl.com\/it\/blog\/etichettatura-ufi-facciamo-chiarezza\/\" \/>\n<meta property=\"og:locale\" content=\"it_IT\" \/>\n<meta property=\"og:type\" content=\"article\" \/>\n<meta property=\"og:title\" content=\"Etichettatura UFI: facciamo chiarezza! - Tradex\" \/>\n<meta property=\"og:description\" content=\"In base alla nuova normativa UFI, entro il 2025 le aziende produttrici dovranno riportare il codice UFI sulle etichette dei loro prodotti.\" \/>\n<meta property=\"og:url\" content=\"https:\/\/www.tradexsrl.com\/it\/blog\/etichettatura-ufi-facciamo-chiarezza\/\" \/>\n<meta property=\"og:site_name\" content=\"Tradex\" \/>\n<meta property=\"article:published_time\" content=\"2024-10-16T15:03:35+00:00\" \/>\n<meta property=\"article:modified_time\" content=\"2025-11-24T13:59:06+00:00\" \/>\n<meta property=\"og:image\" content=\"https:\/\/www.tradexsrl.com\/it\/wp-content\/uploads\/2024\/10\/UFI_1.png\" \/>\n\t<meta property=\"og:image:width\" content=\"1920\" \/>\n\t<meta property=\"og:image:height\" content=\"1080\" \/>\n\t<meta property=\"og:image:type\" content=\"image\/png\" \/>\n<meta name=\"author\" content=\"Sara Tumminello\" \/>\n<meta name=\"twitter:card\" content=\"summary_large_image\" \/>\n<meta name=\"twitter:label1\" content=\"Scritto da\" \/>\n\t<meta name=\"twitter:data1\" content=\"Sara Tumminello\" \/>\n\t<meta name=\"twitter:label2\" content=\"Tempo di lettura stimato\" \/>\n\t<meta name=\"twitter:data2\" content=\"5 minuti\" \/>\n<script type=\"application\/ld+json\" class=\"yoast-schema-graph\">{\"@context\":\"https:\/\/schema.org\",\"@graph\":[{\"@type\":\"WebPage\",\"@id\":\"https:\/\/www.tradexsrl.com\/it\/blog\/etichettatura-ufi-facciamo-chiarezza\/\",\"url\":\"https:\/\/www.tradexsrl.com\/it\/blog\/etichettatura-ufi-facciamo-chiarezza\/\",\"name\":\"Etichettatura UFI: facciamo chiarezza! - Tradex\",\"isPartOf\":{\"@id\":\"http:\/\/www.tradexsrl.com\/it\/#website\"},\"primaryImageOfPage\":{\"@id\":\"https:\/\/www.tradexsrl.com\/it\/blog\/etichettatura-ufi-facciamo-chiarezza\/#primaryimage\"},\"image\":{\"@id\":\"https:\/\/www.tradexsrl.com\/it\/blog\/etichettatura-ufi-facciamo-chiarezza\/#primaryimage\"},\"thumbnailUrl\":\"https:\/\/www.tradexsrl.com\/it\/wp-content\/uploads\/2024\/10\/UFI_1.png\",\"datePublished\":\"2024-10-16T15:03:35+00:00\",\"dateModified\":\"2025-11-24T13:59:06+00:00\",\"author\":{\"@id\":\"http:\/\/www.tradexsrl.com\/it\/#\/schema\/person\/e89de6fea3cb3d304287e9e6571e1757\"},\"description\":\"In base alla nuova normativa UFI, entro il 2025 le aziende produttrici dovranno riportare il codice UFI sulle etichette dei loro prodotti.\",\"breadcrumb\":{\"@id\":\"https:\/\/www.tradexsrl.com\/it\/blog\/etichettatura-ufi-facciamo-chiarezza\/#breadcrumb\"},\"inLanguage\":\"it-IT\",\"potentialAction\":[{\"@type\":\"ReadAction\",\"target\":[\"https:\/\/www.tradexsrl.com\/it\/blog\/etichettatura-ufi-facciamo-chiarezza\/\"]}]},{\"@type\":\"ImageObject\",\"inLanguage\":\"it-IT\",\"@id\":\"https:\/\/www.tradexsrl.com\/it\/blog\/etichettatura-ufi-facciamo-chiarezza\/#primaryimage\",\"url\":\"https:\/\/www.tradexsrl.com\/it\/wp-content\/uploads\/2024\/10\/UFI_1.png\",\"contentUrl\":\"https:\/\/www.tradexsrl.com\/it\/wp-content\/uploads\/2024\/10\/UFI_1.png\",\"width\":1920,\"height\":1080,\"caption\":\"prodotto per pulizie con codice\"},{\"@type\":\"BreadcrumbList\",\"@id\":\"https:\/\/www.tradexsrl.com\/it\/blog\/etichettatura-ufi-facciamo-chiarezza\/#breadcrumb\",\"itemListElement\":[{\"@type\":\"ListItem\",\"position\":1,\"name\":\"Tradex\",\"item\":\"https:\/\/www.tradexsrl.com\/it\/\"},{\"@type\":\"ListItem\",\"position\":2,\"name\":\"Etichettatura UFI: facciamo chiarezza!\"}]},{\"@type\":\"WebSite\",\"@id\":\"http:\/\/www.tradexsrl.com\/it\/#website\",\"url\":\"http:\/\/www.tradexsrl.com\/it\/\",\"name\":\"Tradex\",\"description\":\"Marcatura laser e inkjet, codifica, etichettatura prodotti\",\"potentialAction\":[{\"@type\":\"SearchAction\",\"target\":{\"@type\":\"EntryPoint\",\"urlTemplate\":\"http:\/\/www.tradexsrl.com\/it\/?s={search_term_string}\"},\"query-input\":\"required name=search_term_string\"}],\"inLanguage\":\"it-IT\"},{\"@type\":\"Person\",\"@id\":\"http:\/\/www.tradexsrl.com\/it\/#\/schema\/person\/e89de6fea3cb3d304287e9e6571e1757\",\"name\":\"Sara Tumminello\",\"image\":{\"@type\":\"ImageObject\",\"inLanguage\":\"it-IT\",\"@id\":\"http:\/\/www.tradexsrl.com\/it\/#\/schema\/person\/image\/\",\"url\":\"https:\/\/secure.gravatar.com\/avatar\/d4c8e9146103fefb0b3f235ad8c8568b03b0d2b980cd10245af3e8cd084a5057?s=96&d=mm&r=g\",\"contentUrl\":\"https:\/\/secure.gravatar.com\/avatar\/d4c8e9146103fefb0b3f235ad8c8568b03b0d2b980cd10245af3e8cd084a5057?s=96&d=mm&r=g\",\"caption\":\"Sara Tumminello\"},\"url\":\"https:\/\/www.tradexsrl.com\/it\/author\/sara-tumminello\/\"}]}<\/script>\n<!-- \/ Yoast SEO plugin. -->","yoast_head_json":{"title":"Etichettatura UFI: facciamo chiarezza! - Tradex","description":"In base alla nuova normativa UFI, entro il 2025 le aziende produttrici dovranno riportare il codice UFI sulle etichette dei loro prodotti.","robots":{"index":"index","follow":"follow","max-snippet":"max-snippet:-1","max-image-preview":"max-image-preview:large","max-video-preview":"max-video-preview:-1"},"canonical":"https:\/\/www.tradexsrl.com\/it\/blog\/etichettatura-ufi-facciamo-chiarezza\/","og_locale":"it_IT","og_type":"article","og_title":"Etichettatura UFI: facciamo chiarezza! - Tradex","og_description":"In base alla nuova normativa UFI, entro il 2025 le aziende produttrici dovranno riportare il codice UFI sulle etichette dei loro prodotti.","og_url":"https:\/\/www.tradexsrl.com\/it\/blog\/etichettatura-ufi-facciamo-chiarezza\/","og_site_name":"Tradex","article_published_time":"2024-10-16T15:03:35+00:00","article_modified_time":"2025-11-24T13:59:06+00:00","og_image":[{"width":1920,"height":1080,"url":"https:\/\/www.tradexsrl.com\/it\/wp-content\/uploads\/2024\/10\/UFI_1.png","type":"image\/png"}],"author":"Sara Tumminello","twitter_card":"summary_large_image","twitter_misc":{"Scritto da":"Sara Tumminello","Tempo di lettura stimato":"5 minuti"},"schema":{"@context":"https:\/\/schema.org","@graph":[{"@type":"WebPage","@id":"https:\/\/www.tradexsrl.com\/it\/blog\/etichettatura-ufi-facciamo-chiarezza\/","url":"https:\/\/www.tradexsrl.com\/it\/blog\/etichettatura-ufi-facciamo-chiarezza\/","name":"Etichettatura UFI: facciamo chiarezza! - Tradex","isPartOf":{"@id":"http:\/\/www.tradexsrl.com\/it\/#website"},"primaryImageOfPage":{"@id":"https:\/\/www.tradexsrl.com\/it\/blog\/etichettatura-ufi-facciamo-chiarezza\/#primaryimage"},"image":{"@id":"https:\/\/www.tradexsrl.com\/it\/blog\/etichettatura-ufi-facciamo-chiarezza\/#primaryimage"},"thumbnailUrl":"https:\/\/www.tradexsrl.com\/it\/wp-content\/uploads\/2024\/10\/UFI_1.png","datePublished":"2024-10-16T15:03:35+00:00","dateModified":"2025-11-24T13:59:06+00:00","author":{"@id":"http:\/\/www.tradexsrl.com\/it\/#\/schema\/person\/e89de6fea3cb3d304287e9e6571e1757"},"description":"In base alla nuova normativa UFI, entro il 2025 le aziende produttrici dovranno riportare il codice UFI sulle etichette dei loro prodotti.","breadcrumb":{"@id":"https:\/\/www.tradexsrl.com\/it\/blog\/etichettatura-ufi-facciamo-chiarezza\/#breadcrumb"},"inLanguage":"it-IT","potentialAction":[{"@type":"ReadAction","target":["https:\/\/www.tradexsrl.com\/it\/blog\/etichettatura-ufi-facciamo-chiarezza\/"]}]},{"@type":"ImageObject","inLanguage":"it-IT","@id":"https:\/\/www.tradexsrl.com\/it\/blog\/etichettatura-ufi-facciamo-chiarezza\/#primaryimage","url":"https:\/\/www.tradexsrl.com\/it\/wp-content\/uploads\/2024\/10\/UFI_1.png","contentUrl":"https:\/\/www.tradexsrl.com\/it\/wp-content\/uploads\/2024\/10\/UFI_1.png","width":1920,"height":1080,"caption":"prodotto per pulizie con codice"},{"@type":"BreadcrumbList","@id":"https:\/\/www.tradexsrl.com\/it\/blog\/etichettatura-ufi-facciamo-chiarezza\/#breadcrumb","itemListElement":[{"@type":"ListItem","position":1,"name":"Tradex","item":"https:\/\/www.tradexsrl.com\/it\/"},{"@type":"ListItem","position":2,"name":"Etichettatura UFI: facciamo chiarezza!"}]},{"@type":"WebSite","@id":"http:\/\/www.tradexsrl.com\/it\/#website","url":"http:\/\/www.tradexsrl.com\/it\/","name":"Tradex","description":"Marcatura laser e inkjet, codifica, etichettatura prodotti","potentialAction":[{"@type":"SearchAction","target":{"@type":"EntryPoint","urlTemplate":"http:\/\/www.tradexsrl.com\/it\/?s={search_term_string}"},"query-input":"required name=search_term_string"}],"inLanguage":"it-IT"},{"@type":"Person","@id":"http:\/\/www.tradexsrl.com\/it\/#\/schema\/person\/e89de6fea3cb3d304287e9e6571e1757","name":"Sara Tumminello","image":{"@type":"ImageObject","inLanguage":"it-IT","@id":"http:\/\/www.tradexsrl.com\/it\/#\/schema\/person\/image\/","url":"https:\/\/secure.gravatar.com\/avatar\/d4c8e9146103fefb0b3f235ad8c8568b03b0d2b980cd10245af3e8cd084a5057?s=96&d=mm&r=g","contentUrl":"https:\/\/secure.gravatar.com\/avatar\/d4c8e9146103fefb0b3f235ad8c8568b03b0d2b980cd10245af3e8cd084a5057?s=96&d=mm&r=g","caption":"Sara Tumminello"},"url":"https:\/\/www.tradexsrl.com\/it\/author\/sara-tumminello\/"}]}},"_links":{"self":[{"href":"https:\/\/www.tradexsrl.com\/it\/wp-json\/wp\/v2\/posts\/8290","targetHints":{"allow":["GET"]}}],"collection":[{"href":"https:\/\/www.tradexsrl.com\/it\/wp-json\/wp\/v2\/posts"}],"about":[{"href":"https:\/\/www.tradexsrl.com\/it\/wp-json\/wp\/v2\/types\/post"}],"author":[{"embeddable":true,"href":"https:\/\/www.tradexsrl.com\/it\/wp-json\/wp\/v2\/users\/4"}],"replies":[{"embeddable":true,"href":"https:\/\/www.tradexsrl.com\/it\/wp-json\/wp\/v2\/comments?post=8290"}],"version-history":[{"count":9,"href":"https:\/\/www.tradexsrl.com\/it\/wp-json\/wp\/v2\/posts\/8290\/revisions"}],"predecessor-version":[{"id":11946,"href":"https:\/\/www.tradexsrl.com\/it\/wp-json\/wp\/v2\/posts\/8290\/revisions\/11946"}],"wp:featuredmedia":[{"embeddable":true,"href":"https:\/\/www.tradexsrl.com\/it\/wp-json\/wp\/v2\/media\/8291"}],"wp:attachment":[{"href":"https:\/\/www.tradexsrl.com\/it\/wp-json\/wp\/v2\/media?parent=8290"}],"wp:term":[{"taxonomy":"category","embeddable":true,"href":"https:\/\/www.tradexsrl.com\/it\/wp-json\/wp\/v2\/categories?post=8290"},{"taxonomy":"post_tag","embeddable":true,"href":"https:\/\/www.tradexsrl.com\/it\/wp-json\/wp\/v2\/tags?post=8290"}],"curies":[{"name":"wp","href":"https:\/\/api.w.org\/{rel}","templated":true}]}}