{"id":7058,"date":"2024-04-08T18:46:40","date_gmt":"2024-04-08T16:46:40","guid":{"rendered":"https:\/\/www.tradexsrl.com\/it\/blog\/macchina-per-marcatura-laser-applicazioni-alimentari\/"},"modified":"2025-11-26T11:07:14","modified_gmt":"2025-11-26T10:07:14","slug":"macchina-per-marcatura-laser-applicazioni-alimentari","status":"publish","type":"post","link":"https:\/\/www.tradexsrl.com\/it\/blog\/macchina-per-marcatura-laser-applicazioni-alimentari\/","title":{"rendered":"Macchina per marcatura laser: le applicazioni in ambito alimentari"},"content":{"rendered":"<p>La <strong>macchina per marcatura laser <\/strong>CO2, \u00e8 la soluzione migliore per soddisfare queste esigenze nel settore alimentare che, oltre a un ambiente di lavoro pi\u00f9 pulito grazie alla mancanza di emissioni legate ai solventi, permette di avere linee di produzione <strong>rispettose dell&#8217;ambiente<\/strong>.<\/p>\n<p style=\"text-align: center;\"><a class=\"btn\" href=\"https:\/\/www.tradexsrl.com\/it\/settori\/marcatori-alimentari\/\">Settore Alimentare<\/a><\/p>\n<p><strong>Macchina per marcatura laser CO2 di packaging alimentari<\/strong><\/p>\n<p><strong>iCON 3 \u00e8 una macchina per la marcatura laser <\/strong>CO2 che grazie alle sue dimensioni e al <strong>design compatto<\/strong>, si adatta a qualsiasi linea di produzione e, non utilizzando n\u00e8 inchiostri n\u00e8 solventi, si riconferma la scelta migliore per marcare i <strong>prodotti alimentari<\/strong>.<\/p>\n<p><strong>Performante<\/strong> nelle applicazioni dinamiche e statiche del <strong>settore alimentare<\/strong>, iCON 3 \u00e8 capace di stampare<strong> loghi<\/strong>, <strong>QR code<\/strong> e <strong>codici a barre<\/strong> altamente definiti sui prodotti. La <strong>marcatura laser<\/strong> CO2 \u00e8 precisa, veloce e pulita.<br \/>\nI campi di applicazione sono ampi: \u00e8 possibile stampare su <strong>diverse tipologie di materiali <\/strong>come carta, cartone, vetro, legno e superfici verniciate ottimizzando i tempi ed i costi di produzione.<\/p>\n<p>Scopriamo le principali caratteristiche tecniche di iCON 3:<\/p>\n<ul>\n<li><strong>POTENZA<\/strong> 10W; 30W<\/li>\n<li><strong>LUNGHEZZA D&#8217;ONDA<\/strong> 10.6m<\/li>\n<li><strong>INTERFACCIA<\/strong> Touch screen o PC<\/li>\n<li><strong>TECNOLOGIA CO2<\/strong><\/li>\n<li><strong>SCHERMO TOUCH <\/strong>da 10,1&#8243;<\/li>\n<\/ul>\n<p style=\"text-align: center;\"><a class=\"btn\" href=\"https:\/\/www.tradexsrl.com\/it\/icon-3\/marcatore-icon-3\">Scopri iCON3<\/a><\/p>\n<p><strong>La marcatura per la tutela di produttori e consumatori<\/strong><\/p>\n<p>La <strong>macchina per la marcatura laser<\/strong> CO2 sui prodotti alimentari ha l&#8217;importante compito di <strong>tutelare il consumatore<\/strong>: una marcatura definita e indelebile sui prodotti alimentari garantisce il diritto all&#8217;informazione.<\/p>\n<p>Tradex, grazie a questa soluzione, permette di adempiere alle normative nazionali e comunitarie, scopri le nostre soluzioni per il settore alimentare; contattaci subito per una consulenza gratuita!<\/p>\n<p>Chiamaci allo 0331\/756411 oppure manda una mail a <a href=\"mailto:contact@tradexsrl.com\">contact@tradexsrl.com<\/a><\/p>\n<p>La nostra sede centrale \u00e8 a Gallarate in Via Bettolino, 27; ma puoi trovarci anche a:<\/p>\n<p>Bologna: Calderara di Reno via Turrini, 19.<br \/>\nRoma: Pomezia via dei Castelli Romani, 138.<br \/>\nPadova: Limena via IV Novembre, 6C.<\/p>\n","protected":false},"excerpt":{"rendered":"<p>La marcatura dei prodotti nel settore alimentare \u00e8 fondamentale per la tutela dei consumatori. Una corretta marcatura dei prodotti ne attesta la conformit\u00e0 alle normative nazionali e comunitarie, garantendo ai consumatori sicurezza e qualit\u00e0 in fase d\u2019acquisto.<\/p>\n","protected":false},"author":1,"featured_media":7059,"comment_status":"open","ping_status":"open","sticky":false,"template":"","format":"standard","meta":{"footnotes":""},"categories":[57],"tags":[],"class_list":["post-7058","post","type-post","status-publish","format-standard","has-post-thumbnail","hentry","category-blog"],"yoast_head":"<!-- This site is optimized with the Yoast SEO plugin v22.6 - https:\/\/yoast.com\/wordpress\/plugins\/seo\/ -->\n<title>Macchina per marcatura laser: applicazioni alimentari<\/title>\n<meta name=\"description\" content=\"Una corretta marcatura dei prodotti attesta la conformit\u00e0 alle normative nazionali e comunitarie, garantendo sicurezza e qualit\u00e0.\" \/>\n<meta name=\"robots\" content=\"index, follow, max-snippet:-1, max-image-preview:large, max-video-preview:-1\" \/>\n<link rel=\"canonical\" href=\"https:\/\/www.tradexsrl.com\/it\/blog\/macchina-per-marcatura-laser-applicazioni-alimentari\/\" \/>\n<meta property=\"og:locale\" content=\"it_IT\" \/>\n<meta property=\"og:type\" content=\"article\" \/>\n<meta property=\"og:title\" content=\"Macchina per marcatura laser: applicazioni alimentari\" \/>\n<meta property=\"og:description\" content=\"Una corretta marcatura dei prodotti attesta la conformit\u00e0 alle normative nazionali e comunitarie, garantendo sicurezza e qualit\u00e0.\" \/>\n<meta property=\"og:url\" content=\"https:\/\/www.tradexsrl.com\/it\/blog\/macchina-per-marcatura-laser-applicazioni-alimentari\/\" \/>\n<meta property=\"og:site_name\" content=\"Tradex\" \/>\n<meta property=\"article:published_time\" content=\"2024-04-08T16:46:40+00:00\" \/>\n<meta property=\"article:modified_time\" content=\"2025-11-26T10:07:14+00:00\" \/>\n<meta property=\"og:image\" content=\"https:\/\/www.tradexsrl.com\/it\/wp-content\/uploads\/2024\/07\/20221213110227SPAC_FARIN.jpg\" \/>\n\t<meta property=\"og:image:width\" content=\"2362\" \/>\n\t<meta property=\"og:image:height\" content=\"1575\" \/>\n\t<meta property=\"og:image:type\" content=\"image\/jpeg\" \/>\n<meta name=\"author\" content=\"Simone\" \/>\n<meta name=\"twitter:card\" content=\"summary_large_image\" \/>\n<meta name=\"twitter:label1\" content=\"Scritto da\" \/>\n\t<meta name=\"twitter:data1\" content=\"Simone\" \/>\n\t<meta name=\"twitter:label2\" content=\"Tempo di lettura stimato\" \/>\n\t<meta name=\"twitter:data2\" content=\"2 minuti\" \/>\n<script type=\"application\/ld+json\" class=\"yoast-schema-graph\">{\"@context\":\"https:\/\/schema.org\",\"@graph\":[{\"@type\":\"WebPage\",\"@id\":\"https:\/\/www.tradexsrl.com\/it\/blog\/macchina-per-marcatura-laser-applicazioni-alimentari\/\",\"url\":\"https:\/\/www.tradexsrl.com\/it\/blog\/macchina-per-marcatura-laser-applicazioni-alimentari\/\",\"name\":\"Macchina per marcatura laser: applicazioni alimentari\",\"isPartOf\":{\"@id\":\"http:\/\/www.tradexsrl.com\/it\/#website\"},\"primaryImageOfPage\":{\"@id\":\"https:\/\/www.tradexsrl.com\/it\/blog\/macchina-per-marcatura-laser-applicazioni-alimentari\/#primaryimage\"},\"image\":{\"@id\":\"https:\/\/www.tradexsrl.com\/it\/blog\/macchina-per-marcatura-laser-applicazioni-alimentari\/#primaryimage\"},\"thumbnailUrl\":\"https:\/\/www.tradexsrl.com\/it\/wp-content\/uploads\/2024\/07\/20221213110227SPAC_FARIN.jpg\",\"datePublished\":\"2024-04-08T16:46:40+00:00\",\"dateModified\":\"2025-11-26T10:07:14+00:00\",\"author\":{\"@id\":\"http:\/\/www.tradexsrl.com\/it\/#\/schema\/person\/877b45f3463590a552a076405e4482cd\"},\"description\":\"Una corretta marcatura dei prodotti attesta la conformit\u00e0 alle normative nazionali e comunitarie, garantendo sicurezza e qualit\u00e0.\",\"breadcrumb\":{\"@id\":\"https:\/\/www.tradexsrl.com\/it\/blog\/macchina-per-marcatura-laser-applicazioni-alimentari\/#breadcrumb\"},\"inLanguage\":\"it-IT\",\"potentialAction\":[{\"@type\":\"ReadAction\",\"target\":[\"https:\/\/www.tradexsrl.com\/it\/blog\/macchina-per-marcatura-laser-applicazioni-alimentari\/\"]}]},{\"@type\":\"ImageObject\",\"inLanguage\":\"it-IT\",\"@id\":\"https:\/\/www.tradexsrl.com\/it\/blog\/macchina-per-marcatura-laser-applicazioni-alimentari\/#primaryimage\",\"url\":\"https:\/\/www.tradexsrl.com\/it\/wp-content\/uploads\/2024\/07\/20221213110227SPAC_FARIN.jpg\",\"contentUrl\":\"https:\/\/www.tradexsrl.com\/it\/wp-content\/uploads\/2024\/07\/20221213110227SPAC_FARIN.jpg\",\"width\":2362,\"height\":1575,\"caption\":\"marcatura laser per settore alimentare - farina\"},{\"@type\":\"BreadcrumbList\",\"@id\":\"https:\/\/www.tradexsrl.com\/it\/blog\/macchina-per-marcatura-laser-applicazioni-alimentari\/#breadcrumb\",\"itemListElement\":[{\"@type\":\"ListItem\",\"position\":1,\"name\":\"Tradex\",\"item\":\"https:\/\/www.tradexsrl.com\/it\/\"},{\"@type\":\"ListItem\",\"position\":2,\"name\":\"Macchina per marcatura laser: le applicazioni in ambito alimentari\"}]},{\"@type\":\"WebSite\",\"@id\":\"http:\/\/www.tradexsrl.com\/it\/#website\",\"url\":\"http:\/\/www.tradexsrl.com\/it\/\",\"name\":\"Tradex\",\"description\":\"Marcatura laser e inkjet, codifica, etichettatura prodotti\",\"potentialAction\":[{\"@type\":\"SearchAction\",\"target\":{\"@type\":\"EntryPoint\",\"urlTemplate\":\"http:\/\/www.tradexsrl.com\/it\/?s={search_term_string}\"},\"query-input\":\"required name=search_term_string\"}],\"inLanguage\":\"it-IT\"},{\"@type\":\"Person\",\"@id\":\"http:\/\/www.tradexsrl.com\/it\/#\/schema\/person\/877b45f3463590a552a076405e4482cd\",\"name\":\"Simone\",\"image\":{\"@type\":\"ImageObject\",\"inLanguage\":\"it-IT\",\"@id\":\"http:\/\/www.tradexsrl.com\/it\/#\/schema\/person\/image\/\",\"url\":\"https:\/\/secure.gravatar.com\/avatar\/d83a6b1929d28fa8a5aa84567547625063091c63082717aeac58b3f2482be207?s=96&d=mm&r=g\",\"contentUrl\":\"https:\/\/secure.gravatar.com\/avatar\/d83a6b1929d28fa8a5aa84567547625063091c63082717aeac58b3f2482be207?s=96&d=mm&r=g\",\"caption\":\"Simone\"},\"sameAs\":[\"https:\/\/www.tradexsrl.com\"],\"url\":\"https:\/\/www.tradexsrl.com\/it\/author\/simone\/\"}]}<\/script>\n<!-- \/ Yoast SEO plugin. -->","yoast_head_json":{"title":"Macchina per marcatura laser: applicazioni alimentari","description":"Una corretta marcatura dei prodotti attesta la conformit\u00e0 alle normative nazionali e comunitarie, garantendo sicurezza e qualit\u00e0.","robots":{"index":"index","follow":"follow","max-snippet":"max-snippet:-1","max-image-preview":"max-image-preview:large","max-video-preview":"max-video-preview:-1"},"canonical":"https:\/\/www.tradexsrl.com\/it\/blog\/macchina-per-marcatura-laser-applicazioni-alimentari\/","og_locale":"it_IT","og_type":"article","og_title":"Macchina per marcatura laser: applicazioni alimentari","og_description":"Una corretta marcatura dei prodotti attesta la conformit\u00e0 alle normative nazionali e comunitarie, garantendo sicurezza e qualit\u00e0.","og_url":"https:\/\/www.tradexsrl.com\/it\/blog\/macchina-per-marcatura-laser-applicazioni-alimentari\/","og_site_name":"Tradex","article_published_time":"2024-04-08T16:46:40+00:00","article_modified_time":"2025-11-26T10:07:14+00:00","og_image":[{"width":2362,"height":1575,"url":"https:\/\/www.tradexsrl.com\/it\/wp-content\/uploads\/2024\/07\/20221213110227SPAC_FARIN.jpg","type":"image\/jpeg"}],"author":"Simone","twitter_card":"summary_large_image","twitter_misc":{"Scritto da":"Simone","Tempo di lettura stimato":"2 minuti"},"schema":{"@context":"https:\/\/schema.org","@graph":[{"@type":"WebPage","@id":"https:\/\/www.tradexsrl.com\/it\/blog\/macchina-per-marcatura-laser-applicazioni-alimentari\/","url":"https:\/\/www.tradexsrl.com\/it\/blog\/macchina-per-marcatura-laser-applicazioni-alimentari\/","name":"Macchina per marcatura laser: applicazioni alimentari","isPartOf":{"@id":"http:\/\/www.tradexsrl.com\/it\/#website"},"primaryImageOfPage":{"@id":"https:\/\/www.tradexsrl.com\/it\/blog\/macchina-per-marcatura-laser-applicazioni-alimentari\/#primaryimage"},"image":{"@id":"https:\/\/www.tradexsrl.com\/it\/blog\/macchina-per-marcatura-laser-applicazioni-alimentari\/#primaryimage"},"thumbnailUrl":"https:\/\/www.tradexsrl.com\/it\/wp-content\/uploads\/2024\/07\/20221213110227SPAC_FARIN.jpg","datePublished":"2024-04-08T16:46:40+00:00","dateModified":"2025-11-26T10:07:14+00:00","author":{"@id":"http:\/\/www.tradexsrl.com\/it\/#\/schema\/person\/877b45f3463590a552a076405e4482cd"},"description":"Una corretta marcatura dei prodotti attesta la conformit\u00e0 alle normative nazionali e comunitarie, garantendo sicurezza e qualit\u00e0.","breadcrumb":{"@id":"https:\/\/www.tradexsrl.com\/it\/blog\/macchina-per-marcatura-laser-applicazioni-alimentari\/#breadcrumb"},"inLanguage":"it-IT","potentialAction":[{"@type":"ReadAction","target":["https:\/\/www.tradexsrl.com\/it\/blog\/macchina-per-marcatura-laser-applicazioni-alimentari\/"]}]},{"@type":"ImageObject","inLanguage":"it-IT","@id":"https:\/\/www.tradexsrl.com\/it\/blog\/macchina-per-marcatura-laser-applicazioni-alimentari\/#primaryimage","url":"https:\/\/www.tradexsrl.com\/it\/wp-content\/uploads\/2024\/07\/20221213110227SPAC_FARIN.jpg","contentUrl":"https:\/\/www.tradexsrl.com\/it\/wp-content\/uploads\/2024\/07\/20221213110227SPAC_FARIN.jpg","width":2362,"height":1575,"caption":"marcatura laser per settore alimentare - farina"},{"@type":"BreadcrumbList","@id":"https:\/\/www.tradexsrl.com\/it\/blog\/macchina-per-marcatura-laser-applicazioni-alimentari\/#breadcrumb","itemListElement":[{"@type":"ListItem","position":1,"name":"Tradex","item":"https:\/\/www.tradexsrl.com\/it\/"},{"@type":"ListItem","position":2,"name":"Macchina per marcatura laser: le applicazioni in ambito alimentari"}]},{"@type":"WebSite","@id":"http:\/\/www.tradexsrl.com\/it\/#website","url":"http:\/\/www.tradexsrl.com\/it\/","name":"Tradex","description":"Marcatura laser e inkjet, codifica, etichettatura prodotti","potentialAction":[{"@type":"SearchAction","target":{"@type":"EntryPoint","urlTemplate":"http:\/\/www.tradexsrl.com\/it\/?s={search_term_string}"},"query-input":"required name=search_term_string"}],"inLanguage":"it-IT"},{"@type":"Person","@id":"http:\/\/www.tradexsrl.com\/it\/#\/schema\/person\/877b45f3463590a552a076405e4482cd","name":"Simone","image":{"@type":"ImageObject","inLanguage":"it-IT","@id":"http:\/\/www.tradexsrl.com\/it\/#\/schema\/person\/image\/","url":"https:\/\/secure.gravatar.com\/avatar\/d83a6b1929d28fa8a5aa84567547625063091c63082717aeac58b3f2482be207?s=96&d=mm&r=g","contentUrl":"https:\/\/secure.gravatar.com\/avatar\/d83a6b1929d28fa8a5aa84567547625063091c63082717aeac58b3f2482be207?s=96&d=mm&r=g","caption":"Simone"},"sameAs":["https:\/\/www.tradexsrl.com"],"url":"https:\/\/www.tradexsrl.com\/it\/author\/simone\/"}]}},"_links":{"self":[{"href":"https:\/\/www.tradexsrl.com\/it\/wp-json\/wp\/v2\/posts\/7058","targetHints":{"allow":["GET"]}}],"collection":[{"href":"https:\/\/www.tradexsrl.com\/it\/wp-json\/wp\/v2\/posts"}],"about":[{"href":"https:\/\/www.tradexsrl.com\/it\/wp-json\/wp\/v2\/types\/post"}],"author":[{"embeddable":true,"href":"https:\/\/www.tradexsrl.com\/it\/wp-json\/wp\/v2\/users\/1"}],"replies":[{"embeddable":true,"href":"https:\/\/www.tradexsrl.com\/it\/wp-json\/wp\/v2\/comments?post=7058"}],"version-history":[{"count":3,"href":"https:\/\/www.tradexsrl.com\/it\/wp-json\/wp\/v2\/posts\/7058\/revisions"}],"predecessor-version":[{"id":8926,"href":"https:\/\/www.tradexsrl.com\/it\/wp-json\/wp\/v2\/posts\/7058\/revisions\/8926"}],"wp:featuredmedia":[{"embeddable":true,"href":"https:\/\/www.tradexsrl.com\/it\/wp-json\/wp\/v2\/media\/7059"}],"wp:attachment":[{"href":"https:\/\/www.tradexsrl.com\/it\/wp-json\/wp\/v2\/media?parent=7058"}],"wp:term":[{"taxonomy":"category","embeddable":true,"href":"https:\/\/www.tradexsrl.com\/it\/wp-json\/wp\/v2\/categories?post=7058"},{"taxonomy":"post_tag","embeddable":true,"href":"https:\/\/www.tradexsrl.com\/it\/wp-json\/wp\/v2\/tags?post=7058"}],"curies":[{"name":"wp","href":"https:\/\/api.w.org\/{rel}","templated":true}]}}