{"id":6628,"date":"2019-06-15T10:40:49","date_gmt":"2019-06-15T08:40:49","guid":{"rendered":"https:\/\/www.tradexsrl.com\/it\/blog\/marcatore-laser-da-banco-design-e-versatilita-con-la-cabina-mp2\/"},"modified":"2025-02-10T15:33:53","modified_gmt":"2025-02-10T14:33:53","slug":"marcatore-laser-da-banco-design-e-versatilita-con-la-cabina-mp2","status":"publish","type":"post","link":"https:\/\/www.tradexsrl.com\/it\/blog\/marcatore-laser-da-banco-design-e-versatilita-con-la-cabina-mp2\/","title":{"rendered":"Marcatore laser da banco: la cabina MP2"},"content":{"rendered":"<p>I marcatori laser da banco si riconoscono per le loro <strong>dimensioni ridotte<\/strong> e la loro <strong>forma compatta<\/strong>. Per quanto riguarda il loro principio di funzionamento, sono in genere dotati di <strong>fonti a semiconduttore<\/strong> e vengono utilizzati per la <strong>marcatura laser statica<\/strong>. Ideali per marcare metalli o plastiche, sono molto apprezzati per i diversi motivi che ora elencheremo.<\/p>\n<\/p>\n<h2>I vantaggi di un marcatore laser da banco<\/h2>\n<p>Oltre alla sua compattezza e alla sua versatilit\u00e0, un marcatore laser da banco garantisce anche molte altre funzionalit\u00e0, ad esempio:<\/p>\n<ul>\n<li>La qualit\u00e0 e la <strong>ripetibilit\u00e0<\/strong> della stampa<\/li>\n<li>La <strong>durevolezza<\/strong> delle fonti laser<\/li>\n<li>L&#8217;assenza di contatto con il substrato (che li rende indicati per qualsiasi applicazione, anche la pi\u00f9 critica dal punto di vista <strong>igienico<\/strong>)<\/li>\n<li>La <strong>manutenzione<\/strong> richiesta che \u00e8, praticamente, minima.<\/li>\n<\/ul>\n<p>Tra i nostri marcatori laser da banco, <strong>abbiamo scelto di presentarti la nostra cabina MP2<\/strong>, la piccola station che si adatta a qualsiasi postazione di lavoro, anche la pi\u00f9 ristretta.<\/p>\n<\/p>\n<h2>La cabina laser MP2<\/h2>\n<p>Il marcatore laser da banco MP2 si presenta come una piccola <strong>cabina <\/strong>che ospita, al suo interno, una fonte <strong>laser allo stato solido, pompato a diodi<\/strong>. Oltre al design essenziale ed elegante, il rack in alluminio stampato \u00e8 la sintesi di componenti tecnologiche di alto livello: la fonte laser pu\u00f2 erogare infatti fino a <strong>30 Kw di potenza<\/strong> istantanea.<\/p>\n<p>Con MP2 \u00e8 possibile marcare sia materiali plastici sia materiali metallici. In particolare, tra le <strong>plastiche<\/strong>: ABS, policarbonato, poliammidi e polimeri a bassa e alta densit\u00e0. Tra i <strong>metalli<\/strong>, invece, anche molte leghe speciali.<\/p>\n<p>Ecco dunque perch\u00e9 il laser da banco MP2 \u00e8 particolarmente richiesto dal <strong>settore meccanico e automotive. <\/strong>Vuoi scoprire subito come funziona? Dai un&#8217;occhiata al video:<\/p>\n<\/p>\n<p style=\"text-align: center;\"><iframe loading=\"lazy\" allow=\"autoplay; encrypted-media\" allowfullscreen=\"\" frameborder=\"0\" height=\"315\" src=\"https:\/\/www.youtube.com\/embed\/uQGKPzP6rqk\" width=\"560\"><\/iframe><\/p>\n<\/p>\n<h2>MP2 \u00e8 semplicit\u00e0, autonomia e flessibilit\u00e0<\/h2>\n<p>Ma quali sono le caratteristiche funzionali che rendono MP2 Station un laser da banco unico nel suo genere? La semplicit\u00e0 del suo funzionamento, la possibilit\u00e0 di utilizzo fuori linea e la variet\u00e0 di prodotti che pu\u00f2 marcare.<\/p>\n<p>Nello specifico:<\/p>\n<ul>\n<li><strong>L&#8217;interfaccia utente, realizzata con il software SL, \u00e8 semplice e intuitiva<\/strong>. Il software importa e trasmette al laser i messaggi da stampare, che vanno dal testo ai codici 1D e 2D, dai loghi ai numeri, anche in formato DXF e Bitmap.<\/li>\n<li><strong>La struttura all-in-one<\/strong>, composta da un unico rack compatto, rende MP2 idoneo ad applicazioni fuori dalla linea di produzione o da job-shop.<\/li>\n<li><strong>La gamma di possibilit\u00e0<\/strong>, che va dalla marcatura del materiale pi\u00f9 piccolo fino a quella di pezzi da 10 kg e dimensioni massime 150x200x100 mm, \u00e8 garantita da un&#8217;area di stampa di 120&#215;120 mm e dal <strong>controllo elettronico dall&#8217;asse Z<\/strong>.<\/li>\n<\/ul>\n<p align=\"center\"><a href=\"https:\/\/www.tradexsrl.com\/it\/prodotti\/marcatura-laser\/stazioni-di-marcatura\/stazione-laser-mp2\/cabina-laser-mp2\">Ti serve un marcatore piccolo, compatto e versatile? Scopri il marcatore laser da banco MP2.<\/a><\/p><\/p>\n","protected":false},"excerpt":{"rendered":"<p>Tra le stazioni di marcatura, la cabina laser MP2 \u00e8 quella che garantisce i maggiori vantaggi: se hai bisogno di un marcatore piccolo e compatto, il marcatore laser da banco MP2 \u00e8 il modello giusto per la tua attivit\u00e0. Scopriamo le sue caratteristiche.<\/p>\n","protected":false},"author":1,"featured_media":6629,"comment_status":"open","ping_status":"open","sticky":false,"template":"","format":"standard","meta":{"footnotes":""},"categories":[57],"tags":[],"class_list":["post-6628","post","type-post","status-publish","format-standard","has-post-thumbnail","hentry","category-blog"],"yoast_head":"<!-- This site is optimized with the Yoast SEO plugin v22.6 - https:\/\/yoast.com\/wordpress\/plugins\/seo\/ -->\n<title>Marcatore laser da banco: design e versatilit\u00e0 con la cabina MP2<\/title>\n<meta name=\"description\" content=\"Stai cercando un marcatore laser da banco: piccolo, compatto e facile da trasportare, senza rinunciare alle prestazioni? Scopri di pi\u00f9!\" \/>\n<meta name=\"robots\" content=\"index, follow, max-snippet:-1, max-image-preview:large, max-video-preview:-1\" \/>\n<link rel=\"canonical\" href=\"https:\/\/www.tradexsrl.com\/it\/blog\/marcatore-laser-da-banco-design-e-versatilita-con-la-cabina-mp2\/\" \/>\n<meta property=\"og:locale\" content=\"it_IT\" \/>\n<meta property=\"og:type\" content=\"article\" \/>\n<meta property=\"og:title\" content=\"Marcatore laser da banco: design e versatilit\u00e0 con la cabina MP2\" \/>\n<meta property=\"og:description\" content=\"Stai cercando un marcatore laser da banco: piccolo, compatto e facile da trasportare, senza rinunciare alle prestazioni? Scopri di pi\u00f9!\" \/>\n<meta property=\"og:url\" content=\"https:\/\/www.tradexsrl.com\/it\/blog\/marcatore-laser-da-banco-design-e-versatilita-con-la-cabina-mp2\/\" \/>\n<meta property=\"og:site_name\" content=\"Tradex\" \/>\n<meta property=\"article:published_time\" content=\"2019-06-15T08:40:49+00:00\" \/>\n<meta property=\"article:modified_time\" content=\"2025-02-10T14:33:53+00:00\" \/>\n<meta property=\"og:image\" content=\"https:\/\/www.tradexsrl.com\/it\/wp-content\/uploads\/2024\/07\/20180403092736marcatore-laser-da-banco.jpg\" \/>\n\t<meta property=\"og:image:width\" content=\"800\" \/>\n\t<meta property=\"og:image:height\" content=\"800\" \/>\n\t<meta property=\"og:image:type\" content=\"image\/jpeg\" \/>\n<meta name=\"author\" content=\"Simone\" \/>\n<meta name=\"twitter:card\" content=\"summary_large_image\" \/>\n<meta name=\"twitter:label1\" content=\"Scritto da\" \/>\n\t<meta name=\"twitter:data1\" content=\"Simone\" \/>\n\t<meta name=\"twitter:label2\" content=\"Tempo di lettura stimato\" \/>\n\t<meta name=\"twitter:data2\" content=\"3 minuti\" \/>\n<script type=\"application\/ld+json\" class=\"yoast-schema-graph\">{\"@context\":\"https:\/\/schema.org\",\"@graph\":[{\"@type\":\"WebPage\",\"@id\":\"https:\/\/www.tradexsrl.com\/it\/blog\/marcatore-laser-da-banco-design-e-versatilita-con-la-cabina-mp2\/\",\"url\":\"https:\/\/www.tradexsrl.com\/it\/blog\/marcatore-laser-da-banco-design-e-versatilita-con-la-cabina-mp2\/\",\"name\":\"Marcatore laser da banco: design e versatilit\u00e0 con la cabina MP2\",\"isPartOf\":{\"@id\":\"http:\/\/www.tradexsrl.com\/it\/#website\"},\"primaryImageOfPage\":{\"@id\":\"https:\/\/www.tradexsrl.com\/it\/blog\/marcatore-laser-da-banco-design-e-versatilita-con-la-cabina-mp2\/#primaryimage\"},\"image\":{\"@id\":\"https:\/\/www.tradexsrl.com\/it\/blog\/marcatore-laser-da-banco-design-e-versatilita-con-la-cabina-mp2\/#primaryimage\"},\"thumbnailUrl\":\"https:\/\/www.tradexsrl.com\/it\/wp-content\/uploads\/2024\/07\/20180403092736marcatore-laser-da-banco.jpg\",\"datePublished\":\"2019-06-15T08:40:49+00:00\",\"dateModified\":\"2025-02-10T14:33:53+00:00\",\"author\":{\"@id\":\"http:\/\/www.tradexsrl.com\/it\/#\/schema\/person\/877b45f3463590a552a076405e4482cd\"},\"description\":\"Stai cercando un marcatore laser da banco: piccolo, compatto e facile da trasportare, senza rinunciare alle prestazioni? Scopri di pi\u00f9!\",\"breadcrumb\":{\"@id\":\"https:\/\/www.tradexsrl.com\/it\/blog\/marcatore-laser-da-banco-design-e-versatilita-con-la-cabina-mp2\/#breadcrumb\"},\"inLanguage\":\"it-IT\",\"potentialAction\":[{\"@type\":\"ReadAction\",\"target\":[\"https:\/\/www.tradexsrl.com\/it\/blog\/marcatore-laser-da-banco-design-e-versatilita-con-la-cabina-mp2\/\"]}]},{\"@type\":\"ImageObject\",\"inLanguage\":\"it-IT\",\"@id\":\"https:\/\/www.tradexsrl.com\/it\/blog\/marcatore-laser-da-banco-design-e-versatilita-con-la-cabina-mp2\/#primaryimage\",\"url\":\"https:\/\/www.tradexsrl.com\/it\/wp-content\/uploads\/2024\/07\/20180403092736marcatore-laser-da-banco.jpg\",\"contentUrl\":\"https:\/\/www.tradexsrl.com\/it\/wp-content\/uploads\/2024\/07\/20180403092736marcatore-laser-da-banco.jpg\",\"width\":800,\"height\":800,\"caption\":\"Marcatore laser da banco\"},{\"@type\":\"BreadcrumbList\",\"@id\":\"https:\/\/www.tradexsrl.com\/it\/blog\/marcatore-laser-da-banco-design-e-versatilita-con-la-cabina-mp2\/#breadcrumb\",\"itemListElement\":[{\"@type\":\"ListItem\",\"position\":1,\"name\":\"Tradex\",\"item\":\"https:\/\/www.tradexsrl.com\/it\/\"},{\"@type\":\"ListItem\",\"position\":2,\"name\":\"Marcatore laser da banco: la cabina MP2\"}]},{\"@type\":\"WebSite\",\"@id\":\"http:\/\/www.tradexsrl.com\/it\/#website\",\"url\":\"http:\/\/www.tradexsrl.com\/it\/\",\"name\":\"Tradex\",\"description\":\"Marcatura laser e inkjet, codifica, etichettatura prodotti\",\"potentialAction\":[{\"@type\":\"SearchAction\",\"target\":{\"@type\":\"EntryPoint\",\"urlTemplate\":\"http:\/\/www.tradexsrl.com\/it\/?s={search_term_string}\"},\"query-input\":\"required name=search_term_string\"}],\"inLanguage\":\"it-IT\"},{\"@type\":\"Person\",\"@id\":\"http:\/\/www.tradexsrl.com\/it\/#\/schema\/person\/877b45f3463590a552a076405e4482cd\",\"name\":\"Simone\",\"image\":{\"@type\":\"ImageObject\",\"inLanguage\":\"it-IT\",\"@id\":\"http:\/\/www.tradexsrl.com\/it\/#\/schema\/person\/image\/\",\"url\":\"https:\/\/secure.gravatar.com\/avatar\/d83a6b1929d28fa8a5aa84567547625063091c63082717aeac58b3f2482be207?s=96&d=mm&r=g\",\"contentUrl\":\"https:\/\/secure.gravatar.com\/avatar\/d83a6b1929d28fa8a5aa84567547625063091c63082717aeac58b3f2482be207?s=96&d=mm&r=g\",\"caption\":\"Simone\"},\"sameAs\":[\"https:\/\/www.tradexsrl.com\"],\"url\":\"https:\/\/www.tradexsrl.com\/it\/author\/simone\/\"}]}<\/script>\n<!-- \/ Yoast SEO plugin. -->","yoast_head_json":{"title":"Marcatore laser da banco: design e versatilit\u00e0 con la cabina MP2","description":"Stai cercando un marcatore laser da banco: piccolo, compatto e facile da trasportare, senza rinunciare alle prestazioni? Scopri di pi\u00f9!","robots":{"index":"index","follow":"follow","max-snippet":"max-snippet:-1","max-image-preview":"max-image-preview:large","max-video-preview":"max-video-preview:-1"},"canonical":"https:\/\/www.tradexsrl.com\/it\/blog\/marcatore-laser-da-banco-design-e-versatilita-con-la-cabina-mp2\/","og_locale":"it_IT","og_type":"article","og_title":"Marcatore laser da banco: design e versatilit\u00e0 con la cabina MP2","og_description":"Stai cercando un marcatore laser da banco: piccolo, compatto e facile da trasportare, senza rinunciare alle prestazioni? Scopri di pi\u00f9!","og_url":"https:\/\/www.tradexsrl.com\/it\/blog\/marcatore-laser-da-banco-design-e-versatilita-con-la-cabina-mp2\/","og_site_name":"Tradex","article_published_time":"2019-06-15T08:40:49+00:00","article_modified_time":"2025-02-10T14:33:53+00:00","og_image":[{"width":800,"height":800,"url":"https:\/\/www.tradexsrl.com\/it\/wp-content\/uploads\/2024\/07\/20180403092736marcatore-laser-da-banco.jpg","type":"image\/jpeg"}],"author":"Simone","twitter_card":"summary_large_image","twitter_misc":{"Scritto da":"Simone","Tempo di lettura stimato":"3 minuti"},"schema":{"@context":"https:\/\/schema.org","@graph":[{"@type":"WebPage","@id":"https:\/\/www.tradexsrl.com\/it\/blog\/marcatore-laser-da-banco-design-e-versatilita-con-la-cabina-mp2\/","url":"https:\/\/www.tradexsrl.com\/it\/blog\/marcatore-laser-da-banco-design-e-versatilita-con-la-cabina-mp2\/","name":"Marcatore laser da banco: design e versatilit\u00e0 con la cabina MP2","isPartOf":{"@id":"http:\/\/www.tradexsrl.com\/it\/#website"},"primaryImageOfPage":{"@id":"https:\/\/www.tradexsrl.com\/it\/blog\/marcatore-laser-da-banco-design-e-versatilita-con-la-cabina-mp2\/#primaryimage"},"image":{"@id":"https:\/\/www.tradexsrl.com\/it\/blog\/marcatore-laser-da-banco-design-e-versatilita-con-la-cabina-mp2\/#primaryimage"},"thumbnailUrl":"https:\/\/www.tradexsrl.com\/it\/wp-content\/uploads\/2024\/07\/20180403092736marcatore-laser-da-banco.jpg","datePublished":"2019-06-15T08:40:49+00:00","dateModified":"2025-02-10T14:33:53+00:00","author":{"@id":"http:\/\/www.tradexsrl.com\/it\/#\/schema\/person\/877b45f3463590a552a076405e4482cd"},"description":"Stai cercando un marcatore laser da banco: piccolo, compatto e facile da trasportare, senza rinunciare alle prestazioni? Scopri di pi\u00f9!","breadcrumb":{"@id":"https:\/\/www.tradexsrl.com\/it\/blog\/marcatore-laser-da-banco-design-e-versatilita-con-la-cabina-mp2\/#breadcrumb"},"inLanguage":"it-IT","potentialAction":[{"@type":"ReadAction","target":["https:\/\/www.tradexsrl.com\/it\/blog\/marcatore-laser-da-banco-design-e-versatilita-con-la-cabina-mp2\/"]}]},{"@type":"ImageObject","inLanguage":"it-IT","@id":"https:\/\/www.tradexsrl.com\/it\/blog\/marcatore-laser-da-banco-design-e-versatilita-con-la-cabina-mp2\/#primaryimage","url":"https:\/\/www.tradexsrl.com\/it\/wp-content\/uploads\/2024\/07\/20180403092736marcatore-laser-da-banco.jpg","contentUrl":"https:\/\/www.tradexsrl.com\/it\/wp-content\/uploads\/2024\/07\/20180403092736marcatore-laser-da-banco.jpg","width":800,"height":800,"caption":"Marcatore laser da banco"},{"@type":"BreadcrumbList","@id":"https:\/\/www.tradexsrl.com\/it\/blog\/marcatore-laser-da-banco-design-e-versatilita-con-la-cabina-mp2\/#breadcrumb","itemListElement":[{"@type":"ListItem","position":1,"name":"Tradex","item":"https:\/\/www.tradexsrl.com\/it\/"},{"@type":"ListItem","position":2,"name":"Marcatore laser da banco: la cabina MP2"}]},{"@type":"WebSite","@id":"http:\/\/www.tradexsrl.com\/it\/#website","url":"http:\/\/www.tradexsrl.com\/it\/","name":"Tradex","description":"Marcatura laser e inkjet, codifica, etichettatura prodotti","potentialAction":[{"@type":"SearchAction","target":{"@type":"EntryPoint","urlTemplate":"http:\/\/www.tradexsrl.com\/it\/?s={search_term_string}"},"query-input":"required name=search_term_string"}],"inLanguage":"it-IT"},{"@type":"Person","@id":"http:\/\/www.tradexsrl.com\/it\/#\/schema\/person\/877b45f3463590a552a076405e4482cd","name":"Simone","image":{"@type":"ImageObject","inLanguage":"it-IT","@id":"http:\/\/www.tradexsrl.com\/it\/#\/schema\/person\/image\/","url":"https:\/\/secure.gravatar.com\/avatar\/d83a6b1929d28fa8a5aa84567547625063091c63082717aeac58b3f2482be207?s=96&d=mm&r=g","contentUrl":"https:\/\/secure.gravatar.com\/avatar\/d83a6b1929d28fa8a5aa84567547625063091c63082717aeac58b3f2482be207?s=96&d=mm&r=g","caption":"Simone"},"sameAs":["https:\/\/www.tradexsrl.com"],"url":"https:\/\/www.tradexsrl.com\/it\/author\/simone\/"}]}},"_links":{"self":[{"href":"https:\/\/www.tradexsrl.com\/it\/wp-json\/wp\/v2\/posts\/6628","targetHints":{"allow":["GET"]}}],"collection":[{"href":"https:\/\/www.tradexsrl.com\/it\/wp-json\/wp\/v2\/posts"}],"about":[{"href":"https:\/\/www.tradexsrl.com\/it\/wp-json\/wp\/v2\/types\/post"}],"author":[{"embeddable":true,"href":"https:\/\/www.tradexsrl.com\/it\/wp-json\/wp\/v2\/users\/1"}],"replies":[{"embeddable":true,"href":"https:\/\/www.tradexsrl.com\/it\/wp-json\/wp\/v2\/comments?post=6628"}],"version-history":[{"count":2,"href":"https:\/\/www.tradexsrl.com\/it\/wp-json\/wp\/v2\/posts\/6628\/revisions"}],"predecessor-version":[{"id":8875,"href":"https:\/\/www.tradexsrl.com\/it\/wp-json\/wp\/v2\/posts\/6628\/revisions\/8875"}],"wp:featuredmedia":[{"embeddable":true,"href":"https:\/\/www.tradexsrl.com\/it\/wp-json\/wp\/v2\/media\/6629"}],"wp:attachment":[{"href":"https:\/\/www.tradexsrl.com\/it\/wp-json\/wp\/v2\/media?parent=6628"}],"wp:term":[{"taxonomy":"category","embeddable":true,"href":"https:\/\/www.tradexsrl.com\/it\/wp-json\/wp\/v2\/categories?post=6628"},{"taxonomy":"post_tag","embeddable":true,"href":"https:\/\/www.tradexsrl.com\/it\/wp-json\/wp\/v2\/tags?post=6628"}],"curies":[{"name":"wp","href":"https:\/\/api.w.org\/{rel}","templated":true}]}}