{"id":6566,"date":"2021-05-15T10:00:56","date_gmt":"2021-05-15T08:00:56","guid":{"rendered":"https:\/\/www.tradexsrl.com\/it\/blog\/marcatura-laser-co2-perche-scegliere-la-sorgente-laser-co2\/"},"modified":"2025-02-10T17:09:49","modified_gmt":"2025-02-10T16:09:49","slug":"marcatura-laser-co2-perche-scegliere-la-sorgente-laser-co2","status":"publish","type":"post","link":"https:\/\/www.tradexsrl.com\/it\/blog\/marcatura-laser-co2-perche-scegliere-la-sorgente-laser-co2\/","title":{"rendered":"Marcatura laser CO2: perch\u00e9 scegliere questa sorgente laser?"},"content":{"rendered":"<p>La marcatura laser CO\u2082 \u00e8 attualmente una delle pi\u00f9 potenti tecnologie di marcatura esistenti. Il mezzo attivo \u00e8 costituito da una miscela gassosa a base di <strong>anidride carbonica, azoto, idrogeno ed elio<\/strong>.<\/p>\n<p>Per la sua alta produttivit\u00e0, la capacit\u00e0 di agire su supporti diversi e il <a href=\"https:\/\/www.tradexsrl.com\/it\/blog\/marcatori-laser-prezzi-per-tipologia\">prezzo contenuto<\/a>, il laser CO\u2082 \u00e8 oggi una delle soluzioni pi\u00f9 apprezzate in tutte le realt\u00e0 dove sono necessarie operazioni codifica: <strong>dall&#8217;ambito alimentare a quello cosmetico, dal farmaceutico all&#8217;elettronica, dal settore automotive all&#8217;industria pesante<\/strong>.<\/p>\n<h2>Marcatura laser CO\u2082: effetto &#8220;a graffio&#8221;<\/h2>\n<p>La maggior parte dei marcatori laser (<a href=\"https:\/\/www.tradexsrl.com\/it\/blog\/marcatori-laser-fibra-ideali-per-messaggi-ad-alto-contrasto\">fibra<\/a>, YAG, ecc.) si classificano come incisori: quando il laser colpisce la superficie del prodotto, ne vaporizza una parte senza per\u00f2 modificarne in alcun modo il colore o l&#8217;aspetto. La marcatura \u00e8 rilevabile solo grazie alla diversa incidenza della luce: <strong>colpendo le zone incise, che hanno una profondit\u00e0 differente rispetto alle altre, la luce le fa risaltare rispetto al resto<\/strong>.<\/p>\n<p>Sebbene la marcatura a graffio sia la soluzione pi\u00f9 diffusa tra i nostri marcatori laser CO\u2082, alcuni marcatori sfruttano invece un altro principio: specialmente quando devono codificare superfici in PET o PVC, i marcatori agiscono per effetto termochimico.<\/p>\n<h2>I marcatori pi\u00f9 versatili: iCON 2 e CO\u2082 K-HPD<\/h2>\n<p>Tra la gamma dei nostri prodotti, i modelli di punta per la marcatura laser CO\u2082 sono iCON 2 e CO\u2082 K-HPD. Vediamo le loro caratteristiche:<\/p>\n<ul>\n<li><a href=\"https:\/\/www.tradexsrl.com\/it\/prodotti\/marcatura-laser\/marcatori-laser-co2\/marcatore-laser-co2-icon-2\/marcatore-laser-co2-icon-2\">iCON 2<\/a><strong>. <\/strong>La tecnologia di questo modello si pu\u00f2 sintetizzare con 4 aggettivi: <strong>compatto, pulito, veloce e facile da utilizzare<\/strong>. La compattezza \u00e8 data dalle dimensioni e dal peso contenuti (10 kg per la versione pi\u00f9 piccola, 22 kg per quella pi\u00f9 potente). Il sistema \u00e8 composto dal tubo laser, lo scanner, l&#8217;unit\u00e0 di alimentazione, l&#8217;elettronica di controllo e la CPU. L&#8217;interfaccia \u00e8 del tutto user friendly: ogni comando \u00e8 accessibile dal <strong>pannello touch screen<\/strong>. <strong>Di&#8217; addio ai materiali di consumo<\/strong>: niente inchiostro, niente sbavature. La lunghezza d&#8217;onda, per entrambe le versioni (iCON 2 &#8211; 10 e iCON 2 &#8211; 30, l&#8217;uno con potenza 10 W e l&#8217;altro 30 W), \u00e8 di 10.6 micrometri: perfetta per <strong>marcare vetro, legno, carta e cartone<\/strong>.<\/li>\n<\/ul>\n<p align=\"center\"><img loading=\"lazy\" decoding=\"async\" class=\"alignnone\" style=\"width: 480px; height: 320px;\" src=\"\/it\/computedimage\/icon-2-5-i5562-k6os0v-w1000-h1000-l1-n1-jpg-20201210122157-lang-1.jpg\" alt=\"marcatore laser co2\" width=\"480\" height=\"320\" \/><\/p>\n<ul>\n<li><a href=\"https:\/\/www.tradexsrl.com\/it\/sistemi-di-marcatura\/marcatore-serie-k-hpd\/\">CO\u2082 K-HPD.<\/a> I marcatori laser CO\u2082 della serie K si distinguono dagli altri per la loro capacit\u00e0 di marcare anche i <strong>supporti di origine organica<\/strong>. Se devi marcare imballaggi a film flessibile o poliaccoppiati (come quelli utilizzati nelle confezionatrici automatiche), allora questo marcatore sapr\u00e0 superare le tue aspettative. Tipicamente, <strong>viene usato non solo per la marcatura ma anche per il pre-taglio, taglio e la microperforazione<\/strong>: adatto per quelle confezioni che devono garantire al consumatore un&#8217;apertura agevolata. CO\u2082 K-HPD pu\u00f2 anche marcare articoli sui quali i caratteri alfanumerici, molto piccoli, devono essere leggermente perforati, con precisione e senza sbavature (ad esempio, <strong>blocchetti di assegni o ticket restaurant<\/strong>).<\/li>\n<\/ul>\n<p align=\"center\"><img loading=\"lazy\" decoding=\"async\" class=\"alignnone\" src=\"https:\/\/www.tradexsrl.com\/it\/computedimage\/marcatore-laser-macsa-hpd.i3005-kXC8RWm-h400-l1.jpg\" alt=\"marcatore hpd co2\" width=\"400\" height=\"400\" \/><\/p>\n<p align=\"center\"><a href=\"https:\/\/www.tradexsrl.com\/it\/prodotti\/marcatura-laser\/marcatori-laser-co2\"><strong>Scopri i marcatori laser CO\u2082 adatti a tutte le tue esigenze di marcatura.<\/strong><\/a><\/p>\n","protected":false},"excerpt":{"rendered":"<p>La marcatura laser CO\u2082 sfrutta un mezzo attivo a base di gas per ottenere marcature precise e definitive. Tra i suoi vantaggi, spicca sicuramente la versatilit\u00e0: tutti i marcatori laser CO\u2082 agiscono su carta, vetro, gomma, ceramica e anche metalli. Scopri i nostri prodotti di punta: iCON2 e CO\u2082 K-HPD.<\/p>\n","protected":false},"author":1,"featured_media":6567,"comment_status":"open","ping_status":"open","sticky":false,"template":"","format":"standard","meta":{"footnotes":""},"categories":[57],"tags":[],"class_list":["post-6566","post","type-post","status-publish","format-standard","has-post-thumbnail","hentry","category-blog"],"yoast_head":"<!-- This site is optimized with the Yoast SEO plugin v22.6 - https:\/\/yoast.com\/wordpress\/plugins\/seo\/ -->\n<title>Marcatura laser CO2: perch\u00e9 scegliere la sorgente laser Co2?<\/title>\n<meta name=\"description\" content=\"Viste le applicazioni in campo alimentare, cosmetico, elettronico, farmaceutico, la marcatura laser CO2 \u00e8 tra le pi\u00f9 richieste.\" \/>\n<meta name=\"robots\" content=\"index, follow, max-snippet:-1, max-image-preview:large, max-video-preview:-1\" \/>\n<link rel=\"canonical\" href=\"https:\/\/www.tradexsrl.com\/it\/blog\/marcatura-laser-co2-perche-scegliere-la-sorgente-laser-co2\/\" \/>\n<meta property=\"og:locale\" content=\"it_IT\" \/>\n<meta property=\"og:type\" content=\"article\" \/>\n<meta property=\"og:title\" content=\"Marcatura laser CO2: perch\u00e9 scegliere la sorgente laser Co2?\" \/>\n<meta property=\"og:description\" content=\"Viste le applicazioni in campo alimentare, cosmetico, elettronico, farmaceutico, la marcatura laser CO2 \u00e8 tra le pi\u00f9 richieste.\" \/>\n<meta property=\"og:url\" content=\"https:\/\/www.tradexsrl.com\/it\/blog\/marcatura-laser-co2-perche-scegliere-la-sorgente-laser-co2\/\" \/>\n<meta property=\"og:site_name\" content=\"Tradex\" \/>\n<meta property=\"article:published_time\" content=\"2021-05-15T08:00:56+00:00\" \/>\n<meta property=\"article:modified_time\" content=\"2025-02-10T16:09:49+00:00\" \/>\n<meta property=\"og:image\" content=\"https:\/\/www.tradexsrl.com\/it\/wp-content\/uploads\/2024\/07\/20180216143028marcatore-laser-macsa-khpd-applicazione-di-taglio.jpg\" \/>\n\t<meta property=\"og:image:width\" content=\"950\" \/>\n\t<meta property=\"og:image:height\" content=\"575\" \/>\n\t<meta property=\"og:image:type\" content=\"image\/jpeg\" \/>\n<meta name=\"author\" content=\"Simone\" \/>\n<meta name=\"twitter:card\" content=\"summary_large_image\" \/>\n<meta name=\"twitter:label1\" content=\"Scritto da\" \/>\n\t<meta name=\"twitter:data1\" content=\"Simone\" \/>\n\t<meta name=\"twitter:label2\" content=\"Tempo di lettura stimato\" \/>\n\t<meta name=\"twitter:data2\" content=\"4 minuti\" \/>\n<script type=\"application\/ld+json\" class=\"yoast-schema-graph\">{\"@context\":\"https:\/\/schema.org\",\"@graph\":[{\"@type\":\"WebPage\",\"@id\":\"https:\/\/www.tradexsrl.com\/it\/blog\/marcatura-laser-co2-perche-scegliere-la-sorgente-laser-co2\/\",\"url\":\"https:\/\/www.tradexsrl.com\/it\/blog\/marcatura-laser-co2-perche-scegliere-la-sorgente-laser-co2\/\",\"name\":\"Marcatura laser CO2: perch\u00e9 scegliere la sorgente laser Co2?\",\"isPartOf\":{\"@id\":\"http:\/\/www.tradexsrl.com\/it\/#website\"},\"primaryImageOfPage\":{\"@id\":\"https:\/\/www.tradexsrl.com\/it\/blog\/marcatura-laser-co2-perche-scegliere-la-sorgente-laser-co2\/#primaryimage\"},\"image\":{\"@id\":\"https:\/\/www.tradexsrl.com\/it\/blog\/marcatura-laser-co2-perche-scegliere-la-sorgente-laser-co2\/#primaryimage\"},\"thumbnailUrl\":\"https:\/\/www.tradexsrl.com\/it\/wp-content\/uploads\/2024\/07\/20180216143028marcatore-laser-macsa-khpd-applicazione-di-taglio.jpg\",\"datePublished\":\"2021-05-15T08:00:56+00:00\",\"dateModified\":\"2025-02-10T16:09:49+00:00\",\"author\":{\"@id\":\"http:\/\/www.tradexsrl.com\/it\/#\/schema\/person\/877b45f3463590a552a076405e4482cd\"},\"description\":\"Viste le applicazioni in campo alimentare, cosmetico, elettronico, farmaceutico, la marcatura laser CO2 \u00e8 tra le pi\u00f9 richieste.\",\"breadcrumb\":{\"@id\":\"https:\/\/www.tradexsrl.com\/it\/blog\/marcatura-laser-co2-perche-scegliere-la-sorgente-laser-co2\/#breadcrumb\"},\"inLanguage\":\"it-IT\",\"potentialAction\":[{\"@type\":\"ReadAction\",\"target\":[\"https:\/\/www.tradexsrl.com\/it\/blog\/marcatura-laser-co2-perche-scegliere-la-sorgente-laser-co2\/\"]}]},{\"@type\":\"ImageObject\",\"inLanguage\":\"it-IT\",\"@id\":\"https:\/\/www.tradexsrl.com\/it\/blog\/marcatura-laser-co2-perche-scegliere-la-sorgente-laser-co2\/#primaryimage\",\"url\":\"https:\/\/www.tradexsrl.com\/it\/wp-content\/uploads\/2024\/07\/20180216143028marcatore-laser-macsa-khpd-applicazione-di-taglio.jpg\",\"contentUrl\":\"https:\/\/www.tradexsrl.com\/it\/wp-content\/uploads\/2024\/07\/20180216143028marcatore-laser-macsa-khpd-applicazione-di-taglio.jpg\",\"width\":950,\"height\":575,\"caption\":\"pretaglio con marcatore laser\"},{\"@type\":\"BreadcrumbList\",\"@id\":\"https:\/\/www.tradexsrl.com\/it\/blog\/marcatura-laser-co2-perche-scegliere-la-sorgente-laser-co2\/#breadcrumb\",\"itemListElement\":[{\"@type\":\"ListItem\",\"position\":1,\"name\":\"Tradex\",\"item\":\"https:\/\/www.tradexsrl.com\/it\/\"},{\"@type\":\"ListItem\",\"position\":2,\"name\":\"Marcatura laser CO2: perch\u00e9 scegliere questa sorgente laser?\"}]},{\"@type\":\"WebSite\",\"@id\":\"http:\/\/www.tradexsrl.com\/it\/#website\",\"url\":\"http:\/\/www.tradexsrl.com\/it\/\",\"name\":\"Tradex\",\"description\":\"Marcatura laser e inkjet, codifica, etichettatura prodotti\",\"potentialAction\":[{\"@type\":\"SearchAction\",\"target\":{\"@type\":\"EntryPoint\",\"urlTemplate\":\"http:\/\/www.tradexsrl.com\/it\/?s={search_term_string}\"},\"query-input\":\"required name=search_term_string\"}],\"inLanguage\":\"it-IT\"},{\"@type\":\"Person\",\"@id\":\"http:\/\/www.tradexsrl.com\/it\/#\/schema\/person\/877b45f3463590a552a076405e4482cd\",\"name\":\"Simone\",\"image\":{\"@type\":\"ImageObject\",\"inLanguage\":\"it-IT\",\"@id\":\"http:\/\/www.tradexsrl.com\/it\/#\/schema\/person\/image\/\",\"url\":\"https:\/\/secure.gravatar.com\/avatar\/d83a6b1929d28fa8a5aa84567547625063091c63082717aeac58b3f2482be207?s=96&d=mm&r=g\",\"contentUrl\":\"https:\/\/secure.gravatar.com\/avatar\/d83a6b1929d28fa8a5aa84567547625063091c63082717aeac58b3f2482be207?s=96&d=mm&r=g\",\"caption\":\"Simone\"},\"sameAs\":[\"https:\/\/www.tradexsrl.com\"],\"url\":\"https:\/\/www.tradexsrl.com\/it\/author\/simone\/\"}]}<\/script>\n<!-- \/ Yoast SEO plugin. -->","yoast_head_json":{"title":"Marcatura laser CO2: perch\u00e9 scegliere la sorgente laser Co2?","description":"Viste le applicazioni in campo alimentare, cosmetico, elettronico, farmaceutico, la marcatura laser CO2 \u00e8 tra le pi\u00f9 richieste.","robots":{"index":"index","follow":"follow","max-snippet":"max-snippet:-1","max-image-preview":"max-image-preview:large","max-video-preview":"max-video-preview:-1"},"canonical":"https:\/\/www.tradexsrl.com\/it\/blog\/marcatura-laser-co2-perche-scegliere-la-sorgente-laser-co2\/","og_locale":"it_IT","og_type":"article","og_title":"Marcatura laser CO2: perch\u00e9 scegliere la sorgente laser Co2?","og_description":"Viste le applicazioni in campo alimentare, cosmetico, elettronico, farmaceutico, la marcatura laser CO2 \u00e8 tra le pi\u00f9 richieste.","og_url":"https:\/\/www.tradexsrl.com\/it\/blog\/marcatura-laser-co2-perche-scegliere-la-sorgente-laser-co2\/","og_site_name":"Tradex","article_published_time":"2021-05-15T08:00:56+00:00","article_modified_time":"2025-02-10T16:09:49+00:00","og_image":[{"width":950,"height":575,"url":"https:\/\/www.tradexsrl.com\/it\/wp-content\/uploads\/2024\/07\/20180216143028marcatore-laser-macsa-khpd-applicazione-di-taglio.jpg","type":"image\/jpeg"}],"author":"Simone","twitter_card":"summary_large_image","twitter_misc":{"Scritto da":"Simone","Tempo di lettura stimato":"4 minuti"},"schema":{"@context":"https:\/\/schema.org","@graph":[{"@type":"WebPage","@id":"https:\/\/www.tradexsrl.com\/it\/blog\/marcatura-laser-co2-perche-scegliere-la-sorgente-laser-co2\/","url":"https:\/\/www.tradexsrl.com\/it\/blog\/marcatura-laser-co2-perche-scegliere-la-sorgente-laser-co2\/","name":"Marcatura laser CO2: perch\u00e9 scegliere la sorgente laser Co2?","isPartOf":{"@id":"http:\/\/www.tradexsrl.com\/it\/#website"},"primaryImageOfPage":{"@id":"https:\/\/www.tradexsrl.com\/it\/blog\/marcatura-laser-co2-perche-scegliere-la-sorgente-laser-co2\/#primaryimage"},"image":{"@id":"https:\/\/www.tradexsrl.com\/it\/blog\/marcatura-laser-co2-perche-scegliere-la-sorgente-laser-co2\/#primaryimage"},"thumbnailUrl":"https:\/\/www.tradexsrl.com\/it\/wp-content\/uploads\/2024\/07\/20180216143028marcatore-laser-macsa-khpd-applicazione-di-taglio.jpg","datePublished":"2021-05-15T08:00:56+00:00","dateModified":"2025-02-10T16:09:49+00:00","author":{"@id":"http:\/\/www.tradexsrl.com\/it\/#\/schema\/person\/877b45f3463590a552a076405e4482cd"},"description":"Viste le applicazioni in campo alimentare, cosmetico, elettronico, farmaceutico, la marcatura laser CO2 \u00e8 tra le pi\u00f9 richieste.","breadcrumb":{"@id":"https:\/\/www.tradexsrl.com\/it\/blog\/marcatura-laser-co2-perche-scegliere-la-sorgente-laser-co2\/#breadcrumb"},"inLanguage":"it-IT","potentialAction":[{"@type":"ReadAction","target":["https:\/\/www.tradexsrl.com\/it\/blog\/marcatura-laser-co2-perche-scegliere-la-sorgente-laser-co2\/"]}]},{"@type":"ImageObject","inLanguage":"it-IT","@id":"https:\/\/www.tradexsrl.com\/it\/blog\/marcatura-laser-co2-perche-scegliere-la-sorgente-laser-co2\/#primaryimage","url":"https:\/\/www.tradexsrl.com\/it\/wp-content\/uploads\/2024\/07\/20180216143028marcatore-laser-macsa-khpd-applicazione-di-taglio.jpg","contentUrl":"https:\/\/www.tradexsrl.com\/it\/wp-content\/uploads\/2024\/07\/20180216143028marcatore-laser-macsa-khpd-applicazione-di-taglio.jpg","width":950,"height":575,"caption":"pretaglio con marcatore laser"},{"@type":"BreadcrumbList","@id":"https:\/\/www.tradexsrl.com\/it\/blog\/marcatura-laser-co2-perche-scegliere-la-sorgente-laser-co2\/#breadcrumb","itemListElement":[{"@type":"ListItem","position":1,"name":"Tradex","item":"https:\/\/www.tradexsrl.com\/it\/"},{"@type":"ListItem","position":2,"name":"Marcatura laser CO2: perch\u00e9 scegliere questa sorgente laser?"}]},{"@type":"WebSite","@id":"http:\/\/www.tradexsrl.com\/it\/#website","url":"http:\/\/www.tradexsrl.com\/it\/","name":"Tradex","description":"Marcatura laser e inkjet, codifica, etichettatura prodotti","potentialAction":[{"@type":"SearchAction","target":{"@type":"EntryPoint","urlTemplate":"http:\/\/www.tradexsrl.com\/it\/?s={search_term_string}"},"query-input":"required name=search_term_string"}],"inLanguage":"it-IT"},{"@type":"Person","@id":"http:\/\/www.tradexsrl.com\/it\/#\/schema\/person\/877b45f3463590a552a076405e4482cd","name":"Simone","image":{"@type":"ImageObject","inLanguage":"it-IT","@id":"http:\/\/www.tradexsrl.com\/it\/#\/schema\/person\/image\/","url":"https:\/\/secure.gravatar.com\/avatar\/d83a6b1929d28fa8a5aa84567547625063091c63082717aeac58b3f2482be207?s=96&d=mm&r=g","contentUrl":"https:\/\/secure.gravatar.com\/avatar\/d83a6b1929d28fa8a5aa84567547625063091c63082717aeac58b3f2482be207?s=96&d=mm&r=g","caption":"Simone"},"sameAs":["https:\/\/www.tradexsrl.com"],"url":"https:\/\/www.tradexsrl.com\/it\/author\/simone\/"}]}},"_links":{"self":[{"href":"https:\/\/www.tradexsrl.com\/it\/wp-json\/wp\/v2\/posts\/6566","targetHints":{"allow":["GET"]}}],"collection":[{"href":"https:\/\/www.tradexsrl.com\/it\/wp-json\/wp\/v2\/posts"}],"about":[{"href":"https:\/\/www.tradexsrl.com\/it\/wp-json\/wp\/v2\/types\/post"}],"author":[{"embeddable":true,"href":"https:\/\/www.tradexsrl.com\/it\/wp-json\/wp\/v2\/users\/1"}],"replies":[{"embeddable":true,"href":"https:\/\/www.tradexsrl.com\/it\/wp-json\/wp\/v2\/comments?post=6566"}],"version-history":[{"count":5,"href":"https:\/\/www.tradexsrl.com\/it\/wp-json\/wp\/v2\/posts\/6566\/revisions"}],"predecessor-version":[{"id":8887,"href":"https:\/\/www.tradexsrl.com\/it\/wp-json\/wp\/v2\/posts\/6566\/revisions\/8887"}],"wp:featuredmedia":[{"embeddable":true,"href":"https:\/\/www.tradexsrl.com\/it\/wp-json\/wp\/v2\/media\/6567"}],"wp:attachment":[{"href":"https:\/\/www.tradexsrl.com\/it\/wp-json\/wp\/v2\/media?parent=6566"}],"wp:term":[{"taxonomy":"category","embeddable":true,"href":"https:\/\/www.tradexsrl.com\/it\/wp-json\/wp\/v2\/categories?post=6566"},{"taxonomy":"post_tag","embeddable":true,"href":"https:\/\/www.tradexsrl.com\/it\/wp-json\/wp\/v2\/tags?post=6566"}],"curies":[{"name":"wp","href":"https:\/\/api.w.org\/{rel}","templated":true}]}}