{"id":6451,"date":"2017-02-18T08:52:35","date_gmt":"2017-02-18T07:52:35","guid":{"rendered":"https:\/\/www.tradexsrl.com\/it\/blog\/surgelati-alla-ricerca-di-imballaggi-che-allungano-la-vita-del-prodotto\/"},"modified":"2025-12-04T15:07:22","modified_gmt":"2025-12-04T14:07:22","slug":"surgelati-alla-ricerca-di-imballaggi-che-allungano-la-vita-del-prodotto","status":"publish","type":"post","link":"https:\/\/www.tradexsrl.com\/it\/blog\/surgelati-alla-ricerca-di-imballaggi-che-allungano-la-vita-del-prodotto\/","title":{"rendered":"Surgelati: alla ricerca di imballaggi che allungano la vita del prodotto"},"content":{"rendered":"<p>Il mercato globale del packaging dei surgelati \u00e8 destinato a crescere con una previsione del 4,78%. Questo perch\u00e8 al giorno d&#8217;oggi, la domanda di surgelati \u00e8 sempre pi\u00f9 importante a causa della rapida urbanizzazione; i consumatori del mondo sono privati del tempo utile per preparare gli elaborati piatti tradizionali. Ci\u00f2 ha portato alla diffusione di diversi tipi di cibi pronti e, il mercato dei surgelati ed il relativo packaging, sono i beneficiari di questo trend.<br \/>Il packaging utilizzato non deve avere lunga durata e non deve reagire a contatto con il cibo. La sua domanda aumenter\u00e0 del 5,06%, pari a 14,01 miliardi di dollari di fatturato entro il 2020. Anche la crescente domanda di cibi pronti sta spingendo i fornitori a sviluppare prodotti innovativi per l&#8217;imballaggio, con caratteristiche quali sistemi richiudibili, la possibilit\u00e0 di utilizzo con una sola mano, facile apertura e trasportabilit\u00e0. L&#8217;aumento della domanda di materiali per il packaging flessibile, come film in plastica e confezioni sottovuoto, contribuir\u00e0 alla crescita del mercato. I prodotti confezionati e surgelati sono facilmente deperibili e per questo i rivenditori incorrono in perdite finanziarie, se non venduti in tempo. Per questo motivo, i fornitori si stanno innovando con imballaggi attivi in grado di allungare la vita dei prodotti alimentari freschi mantenendone la qualitit\u00e0.<\/p>\n","protected":false},"excerpt":{"rendered":"<p>Il mercato globale del packaging dei surgelati \u00e8 destinato a crescere con una previsione del 4,78%. Questo perch\u00e8 al giorno d&#8217;oggi, la domanda di surgelati \u00e8 sempre pi\u00f9 importante a causa della rapida urbanizzazione; i consumatori del mondo sono privati del tempo utile per preparare gli elaborati piatti tradizionali.<\/p>\n","protected":false},"author":1,"featured_media":6452,"comment_status":"open","ping_status":"open","sticky":false,"template":"","format":"standard","meta":{"footnotes":""},"categories":[57],"tags":[],"class_list":["post-6451","post","type-post","status-publish","format-standard","has-post-thumbnail","hentry","category-blog"],"yoast_head":"<!-- This site is optimized with the Yoast SEO plugin v22.6 - https:\/\/yoast.com\/wordpress\/plugins\/seo\/ -->\n<title>Alla ricerca di imballaggi che allungano la vita di prodotti surgelati<\/title>\n<meta name=\"description\" content=\"Il mercato globale del packaging dei surgelati \u00e8 destinato a crescere con una previsione del 4,78%. Questo perch\u00e8 al giorno d&#039;oggi, la domanda di surgelati \u00e8 sempre pi\u00f9 importante a causa della rapida urbanizzazione\" \/>\n<meta name=\"robots\" content=\"index, follow, max-snippet:-1, max-image-preview:large, max-video-preview:-1\" \/>\n<link rel=\"canonical\" href=\"https:\/\/www.tradexsrl.com\/it\/blog\/surgelati-alla-ricerca-di-imballaggi-che-allungano-la-vita-del-prodotto\/\" \/>\n<meta property=\"og:locale\" content=\"it_IT\" \/>\n<meta property=\"og:type\" content=\"article\" \/>\n<meta property=\"og:title\" content=\"Alla ricerca di imballaggi che allungano la vita di prodotti surgelati\" \/>\n<meta property=\"og:description\" content=\"Il mercato globale del packaging dei surgelati \u00e8 destinato a crescere con una previsione del 4,78%. Questo perch\u00e8 al giorno d&#039;oggi, la domanda di surgelati \u00e8 sempre pi\u00f9 importante a causa della rapida urbanizzazione\" \/>\n<meta property=\"og:url\" content=\"https:\/\/www.tradexsrl.com\/it\/blog\/surgelati-alla-ricerca-di-imballaggi-che-allungano-la-vita-del-prodotto\/\" \/>\n<meta property=\"og:site_name\" content=\"Tradex\" \/>\n<meta property=\"article:published_time\" content=\"2017-02-18T07:52:35+00:00\" \/>\n<meta property=\"article:modified_time\" content=\"2025-12-04T14:07:22+00:00\" \/>\n<meta property=\"og:image\" content=\"https:\/\/www.tradexsrl.com\/it\/wp-content\/uploads\/2024\/07\/20170403161952surgelati-910.jpg\" \/>\n\t<meta property=\"og:image:width\" content=\"910\" \/>\n\t<meta property=\"og:image:height\" content=\"350\" \/>\n\t<meta property=\"og:image:type\" content=\"image\/jpeg\" \/>\n<meta name=\"author\" content=\"Simone\" \/>\n<meta name=\"twitter:card\" content=\"summary_large_image\" \/>\n<meta name=\"twitter:label1\" content=\"Scritto da\" \/>\n\t<meta name=\"twitter:data1\" content=\"Simone\" \/>\n\t<meta name=\"twitter:label2\" content=\"Tempo di lettura stimato\" \/>\n\t<meta name=\"twitter:data2\" content=\"2 minuti\" \/>\n<script type=\"application\/ld+json\" class=\"yoast-schema-graph\">{\"@context\":\"https:\/\/schema.org\",\"@graph\":[{\"@type\":\"WebPage\",\"@id\":\"https:\/\/www.tradexsrl.com\/it\/blog\/surgelati-alla-ricerca-di-imballaggi-che-allungano-la-vita-del-prodotto\/\",\"url\":\"https:\/\/www.tradexsrl.com\/it\/blog\/surgelati-alla-ricerca-di-imballaggi-che-allungano-la-vita-del-prodotto\/\",\"name\":\"Alla ricerca di imballaggi che allungano la vita di prodotti surgelati\",\"isPartOf\":{\"@id\":\"http:\/\/www.tradexsrl.com\/it\/#website\"},\"primaryImageOfPage\":{\"@id\":\"https:\/\/www.tradexsrl.com\/it\/blog\/surgelati-alla-ricerca-di-imballaggi-che-allungano-la-vita-del-prodotto\/#primaryimage\"},\"image\":{\"@id\":\"https:\/\/www.tradexsrl.com\/it\/blog\/surgelati-alla-ricerca-di-imballaggi-che-allungano-la-vita-del-prodotto\/#primaryimage\"},\"thumbnailUrl\":\"https:\/\/www.tradexsrl.com\/it\/wp-content\/uploads\/2024\/07\/20170403161952surgelati-910.jpg\",\"datePublished\":\"2017-02-18T07:52:35+00:00\",\"dateModified\":\"2025-12-04T14:07:22+00:00\",\"author\":{\"@id\":\"http:\/\/www.tradexsrl.com\/it\/#\/schema\/person\/877b45f3463590a552a076405e4482cd\"},\"description\":\"Il mercato globale del packaging dei surgelati \u00e8 destinato a crescere con una previsione del 4,78%. Questo perch\u00e8 al giorno d'oggi, la domanda di surgelati \u00e8 sempre pi\u00f9 importante a causa della rapida urbanizzazione\",\"breadcrumb\":{\"@id\":\"https:\/\/www.tradexsrl.com\/it\/blog\/surgelati-alla-ricerca-di-imballaggi-che-allungano-la-vita-del-prodotto\/#breadcrumb\"},\"inLanguage\":\"it-IT\",\"potentialAction\":[{\"@type\":\"ReadAction\",\"target\":[\"https:\/\/www.tradexsrl.com\/it\/blog\/surgelati-alla-ricerca-di-imballaggi-che-allungano-la-vita-del-prodotto\/\"]}]},{\"@type\":\"ImageObject\",\"inLanguage\":\"it-IT\",\"@id\":\"https:\/\/www.tradexsrl.com\/it\/blog\/surgelati-alla-ricerca-di-imballaggi-che-allungano-la-vita-del-prodotto\/#primaryimage\",\"url\":\"https:\/\/www.tradexsrl.com\/it\/wp-content\/uploads\/2024\/07\/20170403161952surgelati-910.jpg\",\"contentUrl\":\"https:\/\/www.tradexsrl.com\/it\/wp-content\/uploads\/2024\/07\/20170403161952surgelati-910.jpg\",\"width\":910,\"height\":350,\"caption\":\"fagiolini surgelati\"},{\"@type\":\"BreadcrumbList\",\"@id\":\"https:\/\/www.tradexsrl.com\/it\/blog\/surgelati-alla-ricerca-di-imballaggi-che-allungano-la-vita-del-prodotto\/#breadcrumb\",\"itemListElement\":[{\"@type\":\"ListItem\",\"position\":1,\"name\":\"Tradex\",\"item\":\"https:\/\/www.tradexsrl.com\/it\/\"},{\"@type\":\"ListItem\",\"position\":2,\"name\":\"Surgelati: alla ricerca di imballaggi che allungano la vita del prodotto\"}]},{\"@type\":\"WebSite\",\"@id\":\"http:\/\/www.tradexsrl.com\/it\/#website\",\"url\":\"http:\/\/www.tradexsrl.com\/it\/\",\"name\":\"Tradex\",\"description\":\"Marcatura laser e inkjet, codifica, etichettatura prodotti\",\"potentialAction\":[{\"@type\":\"SearchAction\",\"target\":{\"@type\":\"EntryPoint\",\"urlTemplate\":\"http:\/\/www.tradexsrl.com\/it\/?s={search_term_string}\"},\"query-input\":\"required name=search_term_string\"}],\"inLanguage\":\"it-IT\"},{\"@type\":\"Person\",\"@id\":\"http:\/\/www.tradexsrl.com\/it\/#\/schema\/person\/877b45f3463590a552a076405e4482cd\",\"name\":\"Simone\",\"image\":{\"@type\":\"ImageObject\",\"inLanguage\":\"it-IT\",\"@id\":\"http:\/\/www.tradexsrl.com\/it\/#\/schema\/person\/image\/\",\"url\":\"https:\/\/secure.gravatar.com\/avatar\/d83a6b1929d28fa8a5aa84567547625063091c63082717aeac58b3f2482be207?s=96&d=mm&r=g\",\"contentUrl\":\"https:\/\/secure.gravatar.com\/avatar\/d83a6b1929d28fa8a5aa84567547625063091c63082717aeac58b3f2482be207?s=96&d=mm&r=g\",\"caption\":\"Simone\"},\"sameAs\":[\"https:\/\/www.tradexsrl.com\"],\"url\":\"https:\/\/www.tradexsrl.com\/it\/author\/simone\/\"}]}<\/script>\n<!-- \/ Yoast SEO plugin. -->","yoast_head_json":{"title":"Alla ricerca di imballaggi che allungano la vita di prodotti surgelati","description":"Il mercato globale del packaging dei surgelati \u00e8 destinato a crescere con una previsione del 4,78%. Questo perch\u00e8 al giorno d'oggi, la domanda di surgelati \u00e8 sempre pi\u00f9 importante a causa della rapida urbanizzazione","robots":{"index":"index","follow":"follow","max-snippet":"max-snippet:-1","max-image-preview":"max-image-preview:large","max-video-preview":"max-video-preview:-1"},"canonical":"https:\/\/www.tradexsrl.com\/it\/blog\/surgelati-alla-ricerca-di-imballaggi-che-allungano-la-vita-del-prodotto\/","og_locale":"it_IT","og_type":"article","og_title":"Alla ricerca di imballaggi che allungano la vita di prodotti surgelati","og_description":"Il mercato globale del packaging dei surgelati \u00e8 destinato a crescere con una previsione del 4,78%. Questo perch\u00e8 al giorno d'oggi, la domanda di surgelati \u00e8 sempre pi\u00f9 importante a causa della rapida urbanizzazione","og_url":"https:\/\/www.tradexsrl.com\/it\/blog\/surgelati-alla-ricerca-di-imballaggi-che-allungano-la-vita-del-prodotto\/","og_site_name":"Tradex","article_published_time":"2017-02-18T07:52:35+00:00","article_modified_time":"2025-12-04T14:07:22+00:00","og_image":[{"width":910,"height":350,"url":"https:\/\/www.tradexsrl.com\/it\/wp-content\/uploads\/2024\/07\/20170403161952surgelati-910.jpg","type":"image\/jpeg"}],"author":"Simone","twitter_card":"summary_large_image","twitter_misc":{"Scritto da":"Simone","Tempo di lettura stimato":"2 minuti"},"schema":{"@context":"https:\/\/schema.org","@graph":[{"@type":"WebPage","@id":"https:\/\/www.tradexsrl.com\/it\/blog\/surgelati-alla-ricerca-di-imballaggi-che-allungano-la-vita-del-prodotto\/","url":"https:\/\/www.tradexsrl.com\/it\/blog\/surgelati-alla-ricerca-di-imballaggi-che-allungano-la-vita-del-prodotto\/","name":"Alla ricerca di imballaggi che allungano la vita di prodotti surgelati","isPartOf":{"@id":"http:\/\/www.tradexsrl.com\/it\/#website"},"primaryImageOfPage":{"@id":"https:\/\/www.tradexsrl.com\/it\/blog\/surgelati-alla-ricerca-di-imballaggi-che-allungano-la-vita-del-prodotto\/#primaryimage"},"image":{"@id":"https:\/\/www.tradexsrl.com\/it\/blog\/surgelati-alla-ricerca-di-imballaggi-che-allungano-la-vita-del-prodotto\/#primaryimage"},"thumbnailUrl":"https:\/\/www.tradexsrl.com\/it\/wp-content\/uploads\/2024\/07\/20170403161952surgelati-910.jpg","datePublished":"2017-02-18T07:52:35+00:00","dateModified":"2025-12-04T14:07:22+00:00","author":{"@id":"http:\/\/www.tradexsrl.com\/it\/#\/schema\/person\/877b45f3463590a552a076405e4482cd"},"description":"Il mercato globale del packaging dei surgelati \u00e8 destinato a crescere con una previsione del 4,78%. Questo perch\u00e8 al giorno d'oggi, la domanda di surgelati \u00e8 sempre pi\u00f9 importante a causa della rapida urbanizzazione","breadcrumb":{"@id":"https:\/\/www.tradexsrl.com\/it\/blog\/surgelati-alla-ricerca-di-imballaggi-che-allungano-la-vita-del-prodotto\/#breadcrumb"},"inLanguage":"it-IT","potentialAction":[{"@type":"ReadAction","target":["https:\/\/www.tradexsrl.com\/it\/blog\/surgelati-alla-ricerca-di-imballaggi-che-allungano-la-vita-del-prodotto\/"]}]},{"@type":"ImageObject","inLanguage":"it-IT","@id":"https:\/\/www.tradexsrl.com\/it\/blog\/surgelati-alla-ricerca-di-imballaggi-che-allungano-la-vita-del-prodotto\/#primaryimage","url":"https:\/\/www.tradexsrl.com\/it\/wp-content\/uploads\/2024\/07\/20170403161952surgelati-910.jpg","contentUrl":"https:\/\/www.tradexsrl.com\/it\/wp-content\/uploads\/2024\/07\/20170403161952surgelati-910.jpg","width":910,"height":350,"caption":"fagiolini surgelati"},{"@type":"BreadcrumbList","@id":"https:\/\/www.tradexsrl.com\/it\/blog\/surgelati-alla-ricerca-di-imballaggi-che-allungano-la-vita-del-prodotto\/#breadcrumb","itemListElement":[{"@type":"ListItem","position":1,"name":"Tradex","item":"https:\/\/www.tradexsrl.com\/it\/"},{"@type":"ListItem","position":2,"name":"Surgelati: alla ricerca di imballaggi che allungano la vita del prodotto"}]},{"@type":"WebSite","@id":"http:\/\/www.tradexsrl.com\/it\/#website","url":"http:\/\/www.tradexsrl.com\/it\/","name":"Tradex","description":"Marcatura laser e inkjet, codifica, etichettatura prodotti","potentialAction":[{"@type":"SearchAction","target":{"@type":"EntryPoint","urlTemplate":"http:\/\/www.tradexsrl.com\/it\/?s={search_term_string}"},"query-input":"required name=search_term_string"}],"inLanguage":"it-IT"},{"@type":"Person","@id":"http:\/\/www.tradexsrl.com\/it\/#\/schema\/person\/877b45f3463590a552a076405e4482cd","name":"Simone","image":{"@type":"ImageObject","inLanguage":"it-IT","@id":"http:\/\/www.tradexsrl.com\/it\/#\/schema\/person\/image\/","url":"https:\/\/secure.gravatar.com\/avatar\/d83a6b1929d28fa8a5aa84567547625063091c63082717aeac58b3f2482be207?s=96&d=mm&r=g","contentUrl":"https:\/\/secure.gravatar.com\/avatar\/d83a6b1929d28fa8a5aa84567547625063091c63082717aeac58b3f2482be207?s=96&d=mm&r=g","caption":"Simone"},"sameAs":["https:\/\/www.tradexsrl.com"],"url":"https:\/\/www.tradexsrl.com\/it\/author\/simone\/"}]}},"_links":{"self":[{"href":"https:\/\/www.tradexsrl.com\/it\/wp-json\/wp\/v2\/posts\/6451","targetHints":{"allow":["GET"]}}],"collection":[{"href":"https:\/\/www.tradexsrl.com\/it\/wp-json\/wp\/v2\/posts"}],"about":[{"href":"https:\/\/www.tradexsrl.com\/it\/wp-json\/wp\/v2\/types\/post"}],"author":[{"embeddable":true,"href":"https:\/\/www.tradexsrl.com\/it\/wp-json\/wp\/v2\/users\/1"}],"replies":[{"embeddable":true,"href":"https:\/\/www.tradexsrl.com\/it\/wp-json\/wp\/v2\/comments?post=6451"}],"version-history":[{"count":1,"href":"https:\/\/www.tradexsrl.com\/it\/wp-json\/wp\/v2\/posts\/6451\/revisions"}],"predecessor-version":[{"id":7387,"href":"https:\/\/www.tradexsrl.com\/it\/wp-json\/wp\/v2\/posts\/6451\/revisions\/7387"}],"wp:featuredmedia":[{"embeddable":true,"href":"https:\/\/www.tradexsrl.com\/it\/wp-json\/wp\/v2\/media\/6452"}],"wp:attachment":[{"href":"https:\/\/www.tradexsrl.com\/it\/wp-json\/wp\/v2\/media?parent=6451"}],"wp:term":[{"taxonomy":"category","embeddable":true,"href":"https:\/\/www.tradexsrl.com\/it\/wp-json\/wp\/v2\/categories?post=6451"},{"taxonomy":"post_tag","embeddable":true,"href":"https:\/\/www.tradexsrl.com\/it\/wp-json\/wp\/v2\/tags?post=6451"}],"curies":[{"name":"wp","href":"https:\/\/api.w.org\/{rel}","templated":true}]}}